{"id":4999,"date":"2015-10-12T13:45:15","date_gmt":"2015-10-12T10:45:15","guid":{"rendered":"http:\/\/www.ced.org.tr\/?p=4999"},"modified":"2015-10-12T13:46:09","modified_gmt":"2015-10-12T10:46:09","slug":"ttb-disk-kesk-ve-tmmobdan-ortak-basin-aciklamasi-uzgunuz-ofkeliyiz-yastayiz-ve-isyandayiz-12-13-ekim-gunleri-grevdeyiz","status":"publish","type":"post","link":"http:\/\/www.ced.org.tr\/?p=4999","title":{"rendered":"TTB, D\u0130SK, KESK ve TMMOB&#8217;dan ortak bas\u0131n a\u00e7\u0131klamas\u0131: &#8220;\u00dczg\u00fcn\u00fcz, \u00d6fkeliyiz, Yastay\u0131z ve \u0130syanday\u0131z! 12-13 Ekim g\u00fcnleri grevdeyiz!&#8221;"},"content":{"rendered":"<p><img loading=\"lazy\" decoding=\"async\" class=\" aligncenter\" src=\"http:\/\/www.ttb.org.tr\/images\/stories\/haberler\/2015\/10_ekim_ankara_ttb1.jpg\" alt=\"\" width=\"549\" height=\"366\" \/>Emek, Bar\u0131\u015f, Demokrasi Mitingi&#8217;ni kana bulayan katliam\u0131n ard\u0131ndan TTB, D\u0130SK, KESK ve TMMOB y\u00f6neticileri TTB&#8217;de ortak bas\u0131n toplant\u0131s\u0131 d\u00fczenlediler. TTB Merkez Konseyi Ba\u015fkan\u0131 Dr. Bayaz\u0131t \u0130lhan, TTB \u0130kinci Ba\u015fkan\u0131 Prof. Dr. Ra\u015fit T\u00fckel, D\u0130SK Ba\u015fkan\u0131 Kani Beko, KESK E\u015f Ba\u015fkanlar\u0131 Lami \u00d6zgen ve \u015eaziye K\u00f6se, TMMOB Y\u00f6netim Kurulu Ba\u015fkan\u0131 Mehmet So\u011fanc\u0131 ile \u00c7a\u011fda\u015f Gazeteciler Derne\u011fi Ba\u015fkan\u0131 Ahmet Abakay&#8217;\u0131n kat\u0131ld\u0131\u011f\u0131 bas\u0131n toplant\u0131s\u0131nda, fa\u015fist katliam\u0131 protesto etmek i\u00e7in yar\u0131ndan (11 Ekim) itibaren yas ilan ve 12-13 Ekim tarihlerinde t\u00fcm T\u00fcrkiye&#8217;de grev ilan edildi.<\/p>\n<p>Bas\u0131n a\u00e7\u0131klamas\u0131n\u0131 okuyan TTB Merkez Konseyi Ba\u015fkan\u0131 Dr. Bayaz\u0131t \u0130lhan, fa\u015fist katliam\u0131 protesto etmek i\u00e7in 3 g\u00fcn yas 2 g\u00fcn grev ilan ettiklerini bildirdi. \u00c7GD Ba\u015fkan\u0131 Ahmet Abakay da alana ambulanslardan \u00f6nce TOMA&#8217;lar\u0131n girdi\u011fini belirterek, yaral\u0131lar\u0131n \u00fczerine gaz s\u0131k\u0131ld\u0131\u011f\u0131n\u0131 belirtti.<\/p>\n<p>TTB Merkez Konseyi \u00fcyesi Dr. H\u00fcseyin Demirdizen de, ilk olarak alanda alanda ya\u015fam\u0131n\u0131 kaybedenlerin say\u0131s\u0131n\u0131n 69, daha sonra a\u011f\u0131r yaral\u0131 olarak kald\u0131r\u0131ld\u0131klar\u0131 hastanelerde ya\u015fam\u0131n\u0131 kaybedenlerin say\u0131s\u0131n\u0131n 27 oldu\u011funu ve toplam 96 ki\u015finin ya\u015fam\u0131n\u0131 yitirdi\u011fini bildirdi. Demirdizen, yaral\u0131lar\u0131n say\u0131s\u0131n\u0131n da 400&#8217;\u00fc a\u015ft\u0131\u011f\u0131n\u0131 kaydetti.<\/p>\n<p>&nbsp;<\/p>\n<p><strong>10.10.2015<\/strong><\/p>\n<p><strong><u>Bas\u0131n A\u00e7\u0131klamas\u0131<\/u>\u00a0<\/strong><\/p>\n<p><strong>\u00dc<\/strong><strong>zg\u00fcn\u00fcz, \u00d6fkeliyiz, Yastay\u0131z ve \u0130syanday\u0131z!<\/strong><\/p>\n<p align=\"center\"><strong>\u00d6LEN ARKADA\u015eLARIMIZI ANMAK, FA\u015e\u0130ST KATL\u0130AMI PROTESTO ETMEK \u0130\u00c7\u0130N YARINDAN \u0130T\u0130BAREN<\/strong><\/p>\n<p align=\"center\"><strong>YASTAYIZ\/12-13 EK\u0130M G\u00dcNLER\u0130 B\u00dcT\u00dcN T\u00dcRK\u0130YE\u2019DE GREVDEY\u0130Z!<\/strong><\/p>\n<p>&nbsp;<\/p>\n<p>Bug\u00fcn Ankara\u2019da Emek, Bar\u0131\u015f ve Demokrasi Mitingi i\u00e7in toplanm\u0131\u015ft\u0131k.<\/p>\n<p>T\u00fcrkiye\u2019nin d\u00f6rt bir yan\u0131ndan gelmi\u015ftik.<\/p>\n<p>Emek, Bar\u0131\u015f, Demokrasi taleplerimizi hayk\u0131rmak i\u00e7in gelmi\u015ftik.<\/p>\n<p>\u0130\u015f\u00e7ilerin, kamu \u00e7al\u0131\u015fanlar\u0131n\u0131n, i\u015fsizlerin, yoksullar\u0131n, ma\u011fdurlar\u0131n sesini duyurmak i\u00e7in gelmi\u015ftik.<\/p>\n<p>\u201cSava\u015fa \u0130nat Bar\u0131\u015f Hemen \u015eimdi!\u201d demek i\u00e7in gelmi\u015ftik.<\/p>\n<p>Saray\u2019\u0131n saltanat\u0131 u\u011fruna aylard\u0131r kan d\u00f6kenlere \u201cDur!\u201d demek i\u00e7in gelmi\u015ftik.<\/p>\n<p>Sava\u015fa kar\u015f\u0131 bar\u0131\u015f\u0131; bask\u0131, \u015fiddet ve zora kar\u015f\u0131 \u00f6zg\u00fcrl\u00fckleri ve demokrasiyi; yolsuzlu\u011fa, h\u0131rs\u0131zl\u0131\u011fa ve s\u00f6m\u00fcr\u00fcye kar\u015f\u0131 eme\u011fin m\u00fccadelesini hep birlikte y\u00fckseltmek i\u00e7in gelmi\u015ftik.<\/p>\n<p>Ba\u015fvurusu Ankara Valili\u011fi\u2019ne yap\u0131lm\u0131\u015f (ve Valilik\u00e7e uygun g\u00f6r\u00fclm\u00fc\u015f), b\u00fct\u00fcn\u00fcyle bar\u0131\u015f\u00e7\u0131l bir miting i\u00e7in gelmi\u015ftik.<\/p>\n<p>T\u00fcrk\u00fclerimizle, halaylar\u0131m\u0131zla, pankartlar\u0131m\u0131zla, sloganlar\u0131m\u0131zla ve co\u015fkuyla miting alan\u0131na y\u00fcr\u00fcy\u00fc\u015f\u00fcm\u00fcz ba\u015flarken patlatt\u0131lar bombalar\u0131.<\/p>\n<p>T\u00fcrkiye\u2019nin g\u00f6be\u011finde, Ankara Gar\u0131\u2019n\u0131n, binlerce polisin g\u00f6z\u00fc \u00f6n\u00fcnde patlatt\u0131lar.<\/p>\n<p>\u015eu ana kadar belirlenebilen seksen alt\u0131 karde\u015fimiz hayat\u0131n\u0131 kaybetti, y\u00fczlerce karde\u015fimiz yaraland\u0131.<\/p>\n<p>\u00dczg\u00fcn\u00fcz, \u00d6fkeliyiz, Yastay\u0131z ve \u0130syanday\u0131z!<\/p>\n<p>&nbsp;<\/p>\n<p>Hi\u00e7 kimse bize bu katliam\u0131n faili me\u00e7hul oldu\u011funu s\u00f6ylemesin.<\/p>\n<p>&nbsp;<\/p>\n<p>Bombalar\u0131 tan\u0131yoruz.<\/p>\n<p>18 May\u0131s\u2019ta Adana ve Mersin\u2019deki, 5 Haziran\u2019da Diyarbak\u0131r\u2019daki, 20 Temmuz\u2019da Suru\u00e7taki patlamalardan tan\u0131yoruz; \u201cayn\u0131 seriden\u201d oldu\u011funu biliyoruz.<\/p>\n<p>&nbsp;<\/p>\n<p>Katilleri tan\u0131yoruz.<\/p>\n<p>Katiller; diktat\u00f6rl\u00fck hevesleri 7 Haziran se\u00e7imlerinde kursaklar\u0131nda kalanlard\u0131r.<\/p>\n<p>Katiller; 400 vekil alamad\u0131klar\u0131 i\u00e7in \u00fclkeyi i\u00e7 sava\u015fa s\u00fcr\u00fckleyenlerdir.<\/p>\n<p>Katiller; yaratt\u0131klar\u0131 ter\u00f6r ve deh\u015fetin korkusuyla 1 Kas\u0131m se\u00e7imlerinden galip \u00e7\u0131kmaya \u00e7al\u0131\u015fanlard\u0131r.<\/p>\n<p>Katiller; aylard\u0131r AKrep\u2019lerle, TOMA\u2019larla, tanklarla, toplarla \u00fclkeyi kan g\u00f6l\u00fcne \u00e7evirenlerdir.<\/p>\n<p>Ama\u00e7lar\u0131n\u0131 biliyoruz.<\/p>\n<p>Ama\u00e7lar\u0131; bizi korkutarak, bizi y\u0131ld\u0131rarak, bizi sindirerek on \u00fc\u00e7 y\u0131ll\u0131k zul\u00fcm ve h\u0131rs\u0131zl\u0131k d\u00fczenlerini s\u00fcrd\u00fcrmeye \u00e7al\u0131\u015fmakt\u0131r.<\/p>\n<p>Ama\u00e7lar\u0131; Gezi \u0130syan\u0131\u2019ndan bu yana diktat\u00f6rl\u00fc\u011fe kar\u015f\u0131 direnen milyonlarca yurtta\u015f\u0131n iradesini k\u0131rmakt\u0131r.<\/p>\n<p>Ama\u00e7lar\u0131; halk\u0131n iradesine ra\u011fmen Ka\u00e7AK Saray\u2019daki iktidarlar\u0131n\u0131 devam ettirmeye \u00e7al\u0131\u015fmakt\u0131r.<\/p>\n<p>&nbsp;<\/p>\n<p>Emek, Bar\u0131\u015f ve Demokrasi Mitingimiz kana bulayanlara sesleniyoruz:<\/p>\n<p>B\u00dcT\u00dcN VAH\u015eET\u0130N\u0130ZE, B\u00dcT\u00dcN \u015e\u0130DDET\u0130N\u0130ZE, B\u00dcT\u00dcN KATL\u0130AMLARINIZA RA\u011eMEN E\u015e\u0130T, \u00d6ZG\u00dcR, DEMOKRAT\u0130K B\u0130R \u00dcLKEDE B\u0130R ARADA YA\u015eAMI VE BARI\u015eI SAVUNMAKTAN VAZGE\u00c7MEYECE\u011e\u0130Z!<\/p>\n<p>&nbsp;<\/p>\n<p>Bizi korkutmaya, bizi y\u0131ld\u0131rmaya, bizi sindirmeye \u00e7al\u0131\u015fanlara sesleniyoruz:<\/p>\n<p>KORKMAYACA\u011eIZ, YILMAYACA\u011eIZ, UNUTMAYACA\u011eIZ VE AFFETMEYECE\u011e\u0130Z!<\/p>\n<p>D\u00d6KT\u00dc\u011e\u00dcN\u00dcZ KANDA BO\u011eULACAKSINIZ!<\/p>\n<p><strong>\u00d6len Arkada\u015flar\u0131m\u0131z\u0131 Anmak, Fa\u015fist Katliam\u0131 Protesto Etmek \u0130\u00e7in Yar\u0131ndan \u0130tibaren \u00dc\u00e7 G\u00fcn Yastay\u0131z\/12-13 Ekim Pazartesi-Sal\u0131 G\u00fcnleri B\u00fct\u00fcn T\u00fcrkiye\u2019de Grevdeyiz!<\/strong><\/p>\n<p><strong>B\u00fct\u00fcn Sendikalar\u0131, B\u00fct\u00fcn Meslek \u00d6rg\u00fctlerini, B\u00fct\u00fcn Siyasi Partileri, \u00d6rg\u00fctl\u00fc-\u00d6rg\u00fcts\u00fcz, Hangi Sendikan\u0131n \u00dcyesi Olursa Olsun B\u00fct\u00fcn \u0130\u015f\u00e7ileri-B\u00fct\u00fcn Kamu \u00c7al\u0131\u015fanlar\u0131n\u0131, \u0130nsanl\u0131\u011fa Sahip \u00c7\u0131kan B\u00fct\u00fcn Yurtta\u015flar\u0131m\u0131z\u0131 Kat\u0131lmaya \u00c7a\u011f\u0131r\u0131yoruz!<\/strong><\/p>\n<p>&nbsp;<\/p>\n<p><strong>Devrimci \u0130\u015f\u00e7i Sendikalar\u0131 Konfederasyonu<\/strong><\/p>\n<p><strong>Kamu Emek\u00e7ileri Sendikalar\u0131 Konfederasyonu<\/strong><\/p>\n<p><strong>T\u00fcrk M\u00fchendis ve Mimar Odalar\u0131 Birli\u011fi<\/strong><\/p>\n<p><strong>T\u00fcrk Tabipleri Birli\u011fi<\/strong><\/p>\n<p>&nbsp;<\/p>\n<p><a href=\"http:\/\/www.ttb.org.tr\/index.php\/Haberler\/ttb-5636.html\">http:\/\/www.ttb.org.tr\/index.php\/Haberler\/ttb-5636.html<\/a><\/p>\n<p>&nbsp;<\/p>\n","protected":false},"excerpt":{"rendered":"<p>Emek, Bar\u0131\u015f, Demokrasi Mitingi&#8217;ni kana bulayan katliam\u0131n ard\u0131ndan TTB, D\u0130SK, KESK ve TMMOB y\u00f6neticileri TTB&#8217;de ortak bas\u0131n toplant\u0131s\u0131 d\u00fczenlediler. TTB&#46;&#46;&#46;<\/p>\n","protected":false},"author":1,"featured_media":5002,"comment_status":"closed","ping_status":"closed","sticky":false,"template":"","format":"standard","meta":{"_jetpack_memberships_contains_paid_content":false,"footnotes":""},"categories":[1],"tags":[],"class_list":["post-4999","post","type-post","status-publish","format-standard","has-post-thumbnail","hentry","category-ced"],"aioseo_notices":[],"jetpack_featured_media_url":"http:\/\/www.ced.org.tr\/wp-content\/uploads\/2015\/10\/10_ekim_ankara_ttb1.jpg","jetpack_sharing_enabled":true,"jetpack-related-posts":[],"_links":{"self":[{"href":"http:\/\/www.ced.org.tr\/index.php?rest_route=\/wp\/v2\/posts\/4999","targetHints":{"allow":["GET"]}}],"collection":[{"href":"http:\/\/www.ced.org.tr\/index.php?rest_route=\/wp\/v2\/posts"}],"about":[{"href":"http:\/\/www.ced.org.tr\/index.php?rest_route=\/wp\/v2\/types\/post"}],"author":[{"embeddable":true,"href":"http:\/\/www.ced.org.tr\/index.php?rest_route=\/wp\/v2\/users\/1"}],"replies":[{"embeddable":true,"href":"http:\/\/www.ced.org.tr\/index.php?rest_route=%2Fwp%2Fv2%2Fcomments&post=4999"}],"version-history":[{"count":2,"href":"http:\/\/www.ced.org.tr\/index.php?rest_route=\/wp\/v2\/posts\/4999\/revisions"}],"predecessor-version":[{"id":5001,"href":"http:\/\/www.ced.org.tr\/index.php?rest_route=\/wp\/v2\/posts\/4999\/revisions\/5001"}],"wp:featuredmedia":[{"embeddable":true,"href":"http:\/\/www.ced.org.tr\/index.php?rest_route=\/wp\/v2\/media\/5002"}],"wp:attachment":[{"href":"http:\/\/www.ced.org.tr\/index.php?rest_route=%2Fwp%2Fv2%2Fmedia&parent=4999"}],"wp:term":[{"taxonomy":"category","embeddable":true,"href":"http:\/\/www.ced.org.tr\/index.php?rest_route=%2Fwp%2Fv2%2Fcategories&post=4999"},{"taxonomy":"post_tag","embeddable":true,"href":"http:\/\/www.ced.org.tr\/index.php?rest_route=%2Fwp%2Fv2%2Ftags&post=4999"}],"curies":[{"name":"wp","href":"https:\/\/api.w.org\/{rel}","templated":true}]}}