{"id":5003,"date":"2015-10-12T21:12:09","date_gmt":"2015-10-12T18:12:09","guid":{"rendered":"http:\/\/www.ced.org.tr\/?p=5003"},"modified":"2015-10-12T21:48:09","modified_gmt":"2015-10-12T18:48:09","slug":"kimsenin-olmesini-istemedikleri-icin-oldurulduler","status":"publish","type":"post","link":"http:\/\/www.ced.org.tr\/?p=5003","title":{"rendered":"Kimsenin \u00f6lmesini istemedikleri i\u00e7in \u00f6ld\u00fcr\u00fcld\u00fcler"},"content":{"rendered":"<p><a href=\"http:\/\/www.ced.org.tr\/wp-content\/uploads\/2015\/10\/10ekim.png\"><img loading=\"lazy\" decoding=\"async\" class=\"aligncenter size-full wp-image-5007\" src=\"http:\/\/www.ced.org.tr\/wp-content\/uploads\/2015\/10\/10ekim.png\" alt=\"10ekim\" width=\"464\" height=\"338\" srcset=\"http:\/\/www.ced.org.tr\/wp-content\/uploads\/2015\/10\/10ekim.png 464w, http:\/\/www.ced.org.tr\/wp-content\/uploads\/2015\/10\/10ekim-300x219.png 300w\" sizes=\"auto, (max-width: 464px) 100vw, 464px\" \/><\/a><\/p>\n<p>Emek\u00e7iydiler, \u00f6\u011frenciydiler, \u00f6\u011fretmendiler, anneydiler, babayd\u0131lar, evlatt\u0131lar, gen\u00e7tiler, ya\u015fl\u0131yd\u0131lar<\/p>\n<p>Bar\u0131\u015f istiyorlard\u0131.<\/p>\n<p><strong>Sava\u015f olmas\u0131n<\/strong> kimse \u00f6lmesin diyorlard\u0131.<\/p>\n<p>Demokratik bir \u00fclkede, emeklerinin kar\u015f\u0131l\u0131\u011f\u0131n\u0131 alarak <strong>bar\u0131\u015f i\u00e7inde ya\u015famak istiyorlard\u0131.<\/strong><\/p>\n<p>Sava\u015f na\u011fralar\u0131 atm\u0131yorlard\u0131, kimsenin eme\u011fini, ekme\u011fini \u00e7alm\u0131yorlard\u0131, Ankara&#8217;ya\u00a0 ihale pe\u015finde ko\u015fmak i\u00e7in de gitmediler.<\/p>\n<p>Sadece bar\u0131\u015f i\u00e7inde insanca ya\u015famak istiyorlard\u0131 ve bu isteklerini en y\u00fcksek sesle duyurmak istiyorlard\u0131.<\/p>\n<p>Belki daha yak\u0131ndan duyulur diye devletin burnunun dibine, Ankara\u2019ya gittiler.<\/p>\n<p>Devletin ba\u015fkenti Ankara\u2019n\u0131n g\u00f6be\u011finde bombaland\u0131lar, parampar\u00e7a edildiler. Hepimiz parampar\u00e7a olduk.<\/p>\n<p>Bar\u0131\u015f istedikleri i\u00e7in katledildiler.<\/p>\n<p>\u201cG\u00f6ky\u00fcz\u00fcne kans\u0131z \u00a0bakmak\u201d istedikleri i\u00e7in kanlar i\u00e7inde kald\u0131lar.<\/p>\n<p>O g\u00fczel insanlar,\u00a0 bar\u0131\u015f t\u00fcrk\u00fcleriyle, bar\u0131\u015f umutlar\u0131yla, geldikleri Ankara&#8217;dan teker teker tabutlar i\u00e7inde d\u00f6n\u00fcyorlar.<\/p>\n<p>Ekranlarda her g\u00fcn \u201c\u00f6lenlere rahmet, kalanlara sab\u0131r\u201d dileyenleri duymak istemiyoruz art\u0131k.<\/p>\n<p>\u00c7\u00fcnk\u00fc art\u0131k sabr\u0131m\u0131z kalmad\u0131.<\/p>\n<p>G\u00f6z g\u00f6re gencecik insanlar\u0131n \u00f6ld\u00fcr\u00fclmesini seyretmeye sabr\u0131m\u0131z kalmad\u0131.<\/p>\n<p>Hamaset nutuklar\u0131n\u0131, yalanc\u0131ktan lanetlemeleri, kana doymayanlar\u0131 biz lanetliyoruz.<\/p>\n<p>Siz isteseniz de istemeseniz de, bizler sava\u015fa inat BARI\u015e HEMEN \u015e\u0130MD\u0130 diye hayk\u0131rmaya devam edece\u011fiz. Hem de \u00a0her g\u00fcn daha g\u00fc\u00e7l\u00fc .<\/p>\n<p><strong>KORKMAYACA\u011eIZ, UNUTMAYACA\u011eIZ VE AFFETMEYECE\u011e\u0130Z, HESAP SORACA\u011eIZ<\/strong>.<\/p>\n<p>&nbsp;<\/p>\n<p>Ecz. Nurdan Demirkan<br \/>\n\u00c7a\u011fda\u015f Eczac\u0131lar Derne\u011fi Genel Ba\u015fkan\u0131<\/p>\n","protected":false},"excerpt":{"rendered":"<p>Emek\u00e7iydiler, \u00f6\u011frenciydiler, \u00f6\u011fretmendiler, anneydiler, babayd\u0131lar, evlatt\u0131lar, gen\u00e7tiler, ya\u015fl\u0131yd\u0131lar Bar\u0131\u015f istiyorlard\u0131. Sava\u015f olmas\u0131n kimse \u00f6lmesin diyorlard\u0131. Demokratik bir \u00fclkede, emeklerinin kar\u015f\u0131l\u0131\u011f\u0131n\u0131&#46;&#46;&#46;<\/p>\n","protected":false},"author":1,"featured_media":5007,"comment_status":"closed","ping_status":"closed","sticky":false,"template":"","format":"standard","meta":{"_jetpack_memberships_contains_paid_content":false,"footnotes":""},"categories":[58],"tags":[],"class_list":["post-5003","post","type-post","status-publish","format-standard","has-post-thumbnail","hentry","category-ecz-nurdan-demirkan"],"aioseo_notices":[],"jetpack_featured_media_url":"http:\/\/www.ced.org.tr\/wp-content\/uploads\/2015\/10\/10ekim.png","jetpack_sharing_enabled":true,"jetpack-related-posts":[],"_links":{"self":[{"href":"http:\/\/www.ced.org.tr\/index.php?rest_route=\/wp\/v2\/posts\/5003","targetHints":{"allow":["GET"]}}],"collection":[{"href":"http:\/\/www.ced.org.tr\/index.php?rest_route=\/wp\/v2\/posts"}],"about":[{"href":"http:\/\/www.ced.org.tr\/index.php?rest_route=\/wp\/v2\/types\/post"}],"author":[{"embeddable":true,"href":"http:\/\/www.ced.org.tr\/index.php?rest_route=\/wp\/v2\/users\/1"}],"replies":[{"embeddable":true,"href":"http:\/\/www.ced.org.tr\/index.php?rest_route=%2Fwp%2Fv2%2Fcomments&post=5003"}],"version-history":[{"count":5,"href":"http:\/\/www.ced.org.tr\/index.php?rest_route=\/wp\/v2\/posts\/5003\/revisions"}],"predecessor-version":[{"id":5010,"href":"http:\/\/www.ced.org.tr\/index.php?rest_route=\/wp\/v2\/posts\/5003\/revisions\/5010"}],"wp:featuredmedia":[{"embeddable":true,"href":"http:\/\/www.ced.org.tr\/index.php?rest_route=\/wp\/v2\/media\/5007"}],"wp:attachment":[{"href":"http:\/\/www.ced.org.tr\/index.php?rest_route=%2Fwp%2Fv2%2Fmedia&parent=5003"}],"wp:term":[{"taxonomy":"category","embeddable":true,"href":"http:\/\/www.ced.org.tr\/index.php?rest_route=%2Fwp%2Fv2%2Fcategories&post=5003"},{"taxonomy":"post_tag","embeddable":true,"href":"http:\/\/www.ced.org.tr\/index.php?rest_route=%2Fwp%2Fv2%2Ftags&post=5003"}],"curies":[{"name":"wp","href":"https:\/\/api.w.org\/{rel}","templated":true}]}}