{"id":5011,"date":"2015-10-12T22:28:42","date_gmt":"2015-10-12T19:28:42","guid":{"rendered":"http:\/\/www.ced.org.tr\/?p=5011"},"modified":"2015-10-12T22:48:26","modified_gmt":"2015-10-12T19:48:26","slug":"sesin-12-10-2015-tarihli-basin-aciklamasi","status":"publish","type":"post","link":"http:\/\/www.ced.org.tr\/?p=5011","title":{"rendered":"SES&#8217;in 12.10.2015 tarihli bas\u0131n a\u00e7\u0131klamas\u0131"},"content":{"rendered":"<p>Derne\u011fimiz merkez y\u00f6netim kurulu \u00fcyesi Ecz. I\u015f\u0131l YILDIRIM&#8217;\u0131n Beykoz Devlet Hastanesi\u2019nde\u00a0okudu\u011fu Sa\u011fl\u0131k ve Sosyal Hizmet Emek\u00e7ileri Sendikas\u0131\u2019n\u0131n (SES) 12 Ekim 2015 saat 10.04\u2019te yapt\u0131\u011f\u0131 bas\u0131n a\u00e7\u0131klamas\u0131 metnin a\u015fa\u011f\u0131da bilgilerinize sunar\u0131z.<\/p>\n<p>&nbsp;<\/p>\n<p><strong>\u00a0<a href=\"http:\/\/www.ced.org.tr\/wp-content\/uploads\/2015\/10\/basin_1-1024x678.jpg\"><img loading=\"lazy\" decoding=\"async\" class=\"wp-image-5013 aligncenter\" src=\"http:\/\/www.ced.org.tr\/wp-content\/uploads\/2015\/10\/basin_1-1024x678.jpg\" alt=\"basin_1\" width=\"202\" height=\"134\" srcset=\"http:\/\/www.ced.org.tr\/wp-content\/uploads\/2015\/10\/basin_1-1024x678.jpg 1024w, http:\/\/www.ced.org.tr\/wp-content\/uploads\/2015\/10\/basin_1-300x199.jpg 300w\" sizes=\"auto, (max-width: 202px) 100vw, 202px\" \/><\/a><a href=\"http:\/\/www.ced.org.tr\/wp-content\/uploads\/2015\/10\/basin_2-1024x678.jpg\"><img loading=\"lazy\" decoding=\"async\" class=\"  wp-image-5014 aligncenter\" src=\"http:\/\/www.ced.org.tr\/wp-content\/uploads\/2015\/10\/basin_2-1024x678.jpg\" alt=\"basin_2\" width=\"203\" height=\"134\" srcset=\"http:\/\/www.ced.org.tr\/wp-content\/uploads\/2015\/10\/basin_2-1024x678.jpg 1024w, http:\/\/www.ced.org.tr\/wp-content\/uploads\/2015\/10\/basin_2-300x199.jpg 300w\" sizes=\"auto, (max-width: 203px) 100vw, 203px\" \/><\/a><\/strong><\/p>\n<p style=\"text-align: right;\"><strong>12.10.2015<\/strong><\/p>\n<p style=\"text-align: center;\"><strong>10.04<\/strong><\/p>\n<p style=\"text-align: center;\"><strong>Bas\u0131n A\u00e7\u0131klamas\u0131<\/strong><\/p>\n<p style=\"text-align: center;\"><strong>Ankara Katliam\u0131&#8217;nda yitirdi\u011fimiz arkada\u015flar\u0131m\u0131z\u0131 sayg\u0131yla an\u0131yoruz.<\/strong><\/p>\n<p style=\"text-align: center;\"><strong>Yitirdi\u011fimiz arkada\u015flar\u0131m\u0131z\u0131 da sizin yapt\u0131klar\u0131n\u0131z\u0131 da unutmayaca\u011f\u0131z.<\/strong><\/p>\n<p>De\u011ferli Arkada\u015flar,<\/p>\n<p>\u0130ki g\u00fcn \u00f6nce tam bu dakikalarda binlerce ki\u015fi Ankara\u2019da Emek, Bar\u0131\u015f ve Demokrasi Mitingi i\u00e7in toplanm\u0131\u015ft\u0131k.<\/p>\n<p>T\u00fcrkiye\u2019nin d\u00f6rt bir yan\u0131ndan;<\/p>\n<p>Emek, Bar\u0131\u015f, Demokrasi diye hayk\u0131rmak i\u00e7in;<\/p>\n<p>\u0130\u015f\u00e7ilerin, kamu \u00e7al\u0131\u015fanlar\u0131n\u0131n, i\u015fsizlerin, yoksullar\u0131n, ezilenlerin, s\u00f6m\u00fcr\u00fclenlerin sesini duyurmak i\u00e7in;<\/p>\n<p>Yolsuzlu\u011fa, h\u0131rs\u0131zl\u0131\u011fa ve s\u00f6m\u00fcr\u00fcye kar\u015f\u0131 eme\u011fin m\u00fccadelesini y\u00fckseltmek i\u00e7in;<\/p>\n<p>Her t\u00fcrl\u00fc bask\u0131, \u015fiddet ve zorbal\u0131\u011fa kar\u015f\u0131 \u00f6zg\u00fcrl\u00fckleri ve demokrasiyi savunmak;<\/p>\n<p>\u00c7at\u0131\u015fmadan, \u00f6l\u00fcmden medet umanlara, \u00fclkeyi kan g\u00f6l\u00fcne \u00e7evirenlere \u201cDur\u201d demek i\u00e7in<\/p>\n<p>yola \u00e7\u0131km\u0131\u015f ve Ankara Gar\u0131 \u00f6n\u00fcnde bulu\u015fmu\u015ftuk.<\/p>\n<p>Mitingin Ankara Valili\u011fi\u2019ne bildirimi yap\u0131lm\u0131\u015ft\u0131.<\/p>\n<p>Mitingimiz bar\u0131\u015f\u00e7\u0131ld\u0131; orada t\u00fcrk\u00fclerimiz, halaylar\u0131m\u0131z, simidimiz, \u00e7ay\u0131m\u0131z, balonlar\u0131m\u0131z, rengarenk flamalar\u0131m\u0131z, co\u015fkumuz, \u00e7ocuklar\u0131m\u0131z, dedelerimiz vard\u0131.<\/p>\n<p>Bir saniye i\u00e7inde kana bulad\u0131lar bu tabloyu.<\/p>\n<p>Y\u00fcz\u00fc a\u015fk\u0131n can\u0131m\u0131z gitti. 400\u2019e yak\u0131n can\u0131m\u0131z yaraland\u0131.<\/p>\n<p>Kahrolduk.<\/p>\n<p>\u00dczg\u00fcn\u00fcz, \u00d6fkeliyiz, Yastay\u0131z ve \u0130syanday\u0131z!<\/p>\n<p>\u201cEmek de\u011ferini bulsun, \u00fclkede huzur olsun, zorbal\u0131\u011fa son olsun\u201d demek \u00fczere bir araya gelmi\u015f olan yitirdi\u011fimiz arkada\u015flar\u0131m\u0131z\u0131n an\u0131s\u0131 \u00f6n\u00fcnde sayg\u0131yla e\u011filiyoruz.<\/p>\n<p>Yaral\u0131 arkada\u015flar\u0131m\u0131za bir an \u00f6nce sa\u011fl\u0131k diliyoruz.<\/p>\n<p>\u015eimdi sizleri katliamda kaybetti\u011fimiz arkada\u015flar\u0131m\u0131z i\u00e7in bir dakikal\u0131k sayg\u0131 duru\u015funa davet ediyorum.<\/p>\n<p>\u2026..<\/p>\n<p>(Sayg\u0131 duru\u015funun devam\u0131nda)<\/p>\n<p>De\u011ferli Arkada\u015flar,<\/p>\n<p>Ankara\u2019da patlayan bombalar\u0131n sorumlular\u0131 bellidir.<\/p>\n<p>O sorumlular diktat\u00f6rl\u00fck hevesleri 7 Haziran se\u00e7imlerinde kursaklar\u0131nda kalanlard\u0131r.<\/p>\n<p>O sorumlular 400 vekil hevesi duvara toslayanlard\u0131r.<\/p>\n<p>O sorumlular katillere silah ve m\u00fchimmat g\u00f6nderenlerdir.<\/p>\n<p>O sorumlular koltuk sevdas\u0131na d\u00fc\u015f\u00fcp \u00fclkeyi kana bo\u011fanlard\u0131r.<\/p>\n<p>Bizi korkutarak, y\u0131ld\u0131rarak, sindirerek, yani ter\u00f6rle durdurmay\u0131 umuyorlar.<\/p>\n<p>Y\u0131lmay\u0131z; sinmeyiz.<\/p>\n<p>Ey bombac\u0131lar! Koltuk h\u0131rs\u0131ndan g\u00f6z\u00fc d\u00f6nm\u00fc\u015fler! Size sesleniyoruz:<\/p>\n<p>B\u00fct\u00fcn vah\u015fetinize kar\u015f\u0131n biz e\u015fit, \u00f6zg\u00fcr, laik, demokratik bir \u00fclkede, bir arada, bar\u0131\u015f i\u00e7inde, eme\u011fimizin kar\u015f\u0131l\u0131\u011f\u0131n\u0131 alarak ya\u015faman\u0131n m\u00fccadelesini s\u00fcrd\u00fcrmeye kararl\u0131y\u0131z.<\/p>\n<p>Bu yolda can\u0131n\u0131 veren arkada\u015flar\u0131m\u0131z\u0131 da sizin yapt\u0131klar\u0131n\u0131z\u0131 da unutmayaca\u011f\u0131z.<\/p>\n<p><strong>11, 12 ve 13 Ekim g\u00fcnleri hep birlikte yas\u0131m\u0131z\u0131 tutuyoruz. Bug\u00fcn ve yar\u0131n b\u00fct\u00fcn T\u00fcrkiye\u2019de i\u015f b\u0131rak\u0131yoruz.<\/strong><\/p>\n<p><strong>Bug\u00fcnk\u00fc program\u0131m\u0131z\u2026<\/strong><\/p>\n","protected":false},"excerpt":{"rendered":"<p>Derne\u011fimiz merkez y\u00f6netim kurulu \u00fcyesi Ecz. I\u015f\u0131l YILDIRIM&#8217;\u0131n Beykoz Devlet Hastanesi\u2019nde\u00a0okudu\u011fu Sa\u011fl\u0131k ve Sosyal Hizmet Emek\u00e7ileri Sendikas\u0131\u2019n\u0131n (SES) 12 Ekim&#46;&#46;&#46;<\/p>\n","protected":false},"author":1,"featured_media":5013,"comment_status":"closed","ping_status":"closed","sticky":false,"template":"","format":"standard","meta":{"_jetpack_memberships_contains_paid_content":false,"footnotes":""},"categories":[1],"tags":[],"class_list":["post-5011","post","type-post","status-publish","format-standard","has-post-thumbnail","hentry","category-ced"],"aioseo_notices":[],"jetpack_featured_media_url":"http:\/\/www.ced.org.tr\/wp-content\/uploads\/2015\/10\/basin_1.jpg","jetpack_sharing_enabled":true,"jetpack-related-posts":[],"_links":{"self":[{"href":"http:\/\/www.ced.org.tr\/index.php?rest_route=\/wp\/v2\/posts\/5011","targetHints":{"allow":["GET"]}}],"collection":[{"href":"http:\/\/www.ced.org.tr\/index.php?rest_route=\/wp\/v2\/posts"}],"about":[{"href":"http:\/\/www.ced.org.tr\/index.php?rest_route=\/wp\/v2\/types\/post"}],"author":[{"embeddable":true,"href":"http:\/\/www.ced.org.tr\/index.php?rest_route=\/wp\/v2\/users\/1"}],"replies":[{"embeddable":true,"href":"http:\/\/www.ced.org.tr\/index.php?rest_route=%2Fwp%2Fv2%2Fcomments&post=5011"}],"version-history":[{"count":4,"href":"http:\/\/www.ced.org.tr\/index.php?rest_route=\/wp\/v2\/posts\/5011\/revisions"}],"predecessor-version":[{"id":5018,"href":"http:\/\/www.ced.org.tr\/index.php?rest_route=\/wp\/v2\/posts\/5011\/revisions\/5018"}],"wp:featuredmedia":[{"embeddable":true,"href":"http:\/\/www.ced.org.tr\/index.php?rest_route=\/wp\/v2\/media\/5013"}],"wp:attachment":[{"href":"http:\/\/www.ced.org.tr\/index.php?rest_route=%2Fwp%2Fv2%2Fmedia&parent=5011"}],"wp:term":[{"taxonomy":"category","embeddable":true,"href":"http:\/\/www.ced.org.tr\/index.php?rest_route=%2Fwp%2Fv2%2Fcategories&post=5011"},{"taxonomy":"post_tag","embeddable":true,"href":"http:\/\/www.ced.org.tr\/index.php?rest_route=%2Fwp%2Fv2%2Ftags&post=5011"}],"curies":[{"name":"wp","href":"https:\/\/api.w.org\/{rel}","templated":true}]}}