{"id":5020,"date":"2015-10-18T21:51:36","date_gmt":"2015-10-18T18:51:36","guid":{"rendered":"http:\/\/www.ced.org.tr\/?p=5020"},"modified":"2015-10-18T22:00:56","modified_gmt":"2015-10-18T19:00:56","slug":"ankarada-saldiri-sonrasi-biber-gazi-atilmasina-dair-suc-duyurusu","status":"publish","type":"post","link":"http:\/\/www.ced.org.tr\/?p=5020","title":{"rendered":"Ankara&#8217;da sald\u0131r\u0131 sonras\u0131 biber gaz\u0131 at\u0131lmas\u0131na dair su\u00e7 duyurusu"},"content":{"rendered":"<p><strong>\u0130nsan Haklar\u0131 Derne\u011fi (\u0130HD) ve Biber Gaz\u0131 Yasaklans\u0131n \u0130nisiyatifi, Ankara\u2019daki bombal\u0131 sald\u0131r\u0131 sonras\u0131 biber gaz\u0131 at\u0131lmas\u0131 na tepki g\u00f6sterdi. T\u00fcrk Tabipler Birli\u011fi Onur Kurulu \u00dcyesi Ali \u00c7erkezo\u011flu ise sorumlular hakk\u0131nda su\u00e7 duyurusunda bulunacaklar\u0131n\u0131 s\u00f6yledi.<\/strong><\/p>\n<p><a href=\"http:\/\/www.ced.org.tr\/wp-content\/uploads\/2015\/10\/bibergazi.jpg\"><img loading=\"lazy\" decoding=\"async\" class=\"aligncenter size-full wp-image-5021\" src=\"http:\/\/www.ced.org.tr\/wp-content\/uploads\/2015\/10\/bibergazi.jpg\" alt=\"bibergazi\" width=\"820\" height=\"435\" srcset=\"http:\/\/www.ced.org.tr\/wp-content\/uploads\/2015\/10\/bibergazi.jpg 820w, http:\/\/www.ced.org.tr\/wp-content\/uploads\/2015\/10\/bibergazi-300x159.jpg 300w\" sizes=\"auto, (max-width: 820px) 100vw, 820px\" \/><\/a><\/p>\n<p>Ankara&#8217;da, 10 Ekim&#8217;de &#8220;Bar\u0131\u015f, Emek ve Demokrasi&#8221; mitinginde d\u00fczenlenen canl\u0131 bomba sald\u0131r\u0131s\u0131 sonras\u0131 yaral\u0131lara ve onlara yard\u0131m etmek isteyenlere biber gaz\u0131 s\u0131k\u0131ld\u0131\u011f\u0131n\u0131, yapt\u0131\u011f\u0131 bas\u0131n a\u00e7\u0131klamas\u0131yla dile getiren aralar\u0131nda \u0130nsan Haklar\u0131 Derne\u011fi, Kimya M\u00fchendisleri Odas\u0131 ve T\u00fcrk Tabipler Birli\u011fi&#8217;nin de bulundu\u011fu &#8220;Biber Gaz\u0131 Yasaklans\u0131n \u0130nisiyatifi&#8221; sorumlular hakk\u0131nda su\u00e7 duyurusunda bulunacaklar\u0131n\u0131 s\u00f6yledi.<\/p>\n<p>\u0130HD \u0130stanbul \u015eubesi\u2019nde ger\u00e7ekle\u015fen toplant\u0131ya, \u0130HD \u0130stanbul \u015eubesi Y\u00f6netim Kurulu \u00dcyesi Hulusi Zeybel, T\u00fcrk Tabipler Birli\u011fi Onur Kurulu \u00dcyesi Ali \u00c7erkezo\u011flu, Kimya M\u00fchendisleri Odas\u0131 \u0130stanbul \u015eubesi E\u015fba\u015fkan\u0131 Selin Top ve bas\u0131n mensuplar\u0131 kat\u0131ld\u0131. Dernek, Ankara\u2019da meydana gelen bombal\u0131 sald\u0131r\u0131 sonras\u0131 biber gaz\u0131 kullan\u0131m\u0131yla ilgili a\u00e7\u0131klama yapt\u0131.<\/p>\n<p>Toplant\u0131da konu\u015fan T\u00fcrk Tabipler Birli\u011fi Onur Kurulu \u00dcyesi Ali \u00c7erkezo\u011flu, biber gaz\u0131n\u0131n sinsi bir katil oldu\u011funu s\u00f6yleyerek yasaklanmas\u0131n\u0131 istedi. \u00c7erkezo\u011flu, &#8220;Do\u011frudan biber gaz\u0131yla ilgili \u00f6l\u00fcm oldu\u011funu iddia etmiyoruz. Zaten yeterince \u00f6l\u00fcm var. Bir de biber gaz\u0131ndan \u00f6lmesi gerekmiyor insanlar\u0131n. Zaten yeterince vah\u015fet, katliam yap\u0131ld\u0131 Ankara\u2019da. Biber gaz\u0131n\u0131n bu olayda a\u011f\u0131r yaral\u0131larda \u00f6l\u00fcmc\u00fcl tabloyu h\u0131zland\u0131r\u0131p h\u0131zland\u0131rmad\u0131\u011f\u0131na dair otopsi raporu hen\u00fcz \u00e7\u0131kmad\u0131. Fakat biliyoruz ki bu kimyasal gaz\u0131n en b\u00fcy\u00fck \u00f6zelli\u011fi de o. \u0130lk anda insan\u0131 bo\u011facak bi\u00e7imde nefessiz b\u0131rak\u0131yor, sonra da iz b\u0131rakm\u0131yor. Asl\u0131nda en sinsi katillerden birini biber gaz\u0131 olu\u015fturuyor. Bu nedenle bunun tespiti g\u00fc\u00e7. Fakat tart\u0131\u015fmas\u0131z olarak tespit edilen bir \u015fey var ki, o alanda yaral\u0131lar hen\u00fcz meydandayken ve onlara ilk yard\u0131m yap\u0131l\u0131rken biber gaz\u0131n\u0131n kullan\u0131lm\u0131\u015f olmas\u0131. Bu durum hi\u00e7bir tart\u0131\u015fmaya, hi\u00e7bir spek\u00fclasyona, hi\u00e7bir yalana izin vermeyecek derecede a\u00e7\u0131k, berrak ve \u015feffaft\u0131r.&#8221; \u015feklinde konu\u015ftu.<\/p>\n<p>&#8220;Muhtemeldir ki d\u00fcnyada ilk kez 100 \u00f6l\u00fcn\u00fcn ve y\u00fczlerce yaral\u0131n\u0131n oldu\u011fu mekanda biber gaz\u0131 kullan\u0131ld\u0131&#8221; diyen \u00c7erkezo\u011flu, konu\u015fmas\u0131n\u0131 \u015f\u00f6yle s\u00fcrd\u00fcrd\u00fc: &#8220;Bu duruma biz de ilk kez \u015fahit oluyoruz. Bunu anlatmakta zorlan\u0131yoruz. Bu olay\u0131 b\u00fct\u00fcn\u00fcyle kabul edilemez vicdans\u0131zl\u0131k, hukuksuzluk, insanl\u0131ktan kopu\u015f olarak g\u00f6r\u00fcyoruz. Gerek bunu uygulayanlar, gerekse buna emir verenler, gerekse buna zemini haz\u0131rlayanlar ve en \u00f6nemlisi de &#8216;destan yazd\u0131n\u0131z&#8217; diye s\u0131rtlar\u0131n\u0131 s\u0131vazlayanlar\u0131n yarg\u0131lanmas\u0131n\u0131 istiyoruz. 104 cana k\u0131y\u0131lan ortama haz\u0131rlad\u0131klar\u0131 zeminden dolay\u0131 da, tedbir almam\u0131\u015f olmaktan dolay\u0131 da yarg\u0131lanmalar\u0131n\u0131 istiyoruz. Sadece yaral\u0131lar \u00fcst\u00fcnde biber gaz\u0131 kullan\u0131lm\u0131\u015f olman\u0131n kimse sorumlular\u0131 orada biber gaz\u0131 s\u0131kan g\u00f6revliden, o k\u0131sm\u0131n amirine, emniyet m\u00fcd\u00fcr\u00fcnden i\u00e7i\u015fleri bakan\u0131ndan ona o yetkiyi veren ba\u015fbakana ve b\u00fct\u00fcn bu atmosferi yaratan cumhurba\u015fkan\u0131na kadar bu insanl\u0131k su\u00e7u kapsam\u0131nda yarg\u0131lanmas\u0131 talebimiz var.&#8221;<\/p>\n<p><strong>PATLAMA SONRASINDA GAZ BOMBASI ATILDI\u011eI ANIN G\u00d6R\u00dcNT\u00dcLER\u0130<\/strong><\/p>\n<p><iframe loading=\"lazy\" src=\"\/\/cdn00.vidyomani.com\/c\/3\/4\/4\/an32450l3v71\/index.html\" width=\"600\" height=\"338\" frameborder=\"0\" allowfullscreen=\"allowfullscreen\"><\/iframe><\/p>\n<p><strong>&#8216;B\u0130BER GAZI YASAKLANSIN&#8217;<\/strong><\/p>\n<p>Konuyla ilgili bas\u0131n a\u00e7\u0131klamas\u0131n\u0131 okuyan Selin Top ise, &#8220;Bizler, kimyasal silah olarak kabul edilen biber gaz\u0131n\u0131n yasaklanmas\u0131 i\u00e7in \u00e7al\u0131\u015fmalar y\u00fcr\u00fct\u00fcp, etkisiyle ilgili bilimsel toplant\u0131larla kamuoyu bilgilendirmesi yapmaya, insan hakk\u0131 ihlallerine, yaralanmalara ve \u00f6l\u00fcmlere sebep oldu\u011funu dile getirmeye \u00e7al\u0131\u015f\u0131rken, ayn\u0131 biber gaz\u0131 bu kez Ankara\u2019da, miting alan\u0131nda kar\u015f\u0131m\u0131za \u00e7\u0131kt\u0131. Hem de onlarca ki\u015finin \u00f6l\u00fcmle pen\u00e7ele\u015fti\u011fi, y\u00fczlerce ki\u015finin a\u011f\u0131r yaral\u0131 olarak ilk yard\u0131m bekledi\u011fi bir ortamda. 10 Ekim\u2019de Ankara&#8217;da, T\u00fcrkiye\u2019nin s\u00fcrekli g\u00f6zetlenen ba\u015fkentinde, \u015fehrin g\u00f6be\u011fi olan tren gar\u0131nda iki bomba patlat\u0131ld\u0131. Bizler de cinayeti g\u00f6rd\u00fck. Bombalar patlad\u0131ktan sonra alana ambulanstan \u00f6nce biber gaz\u0131 ve TOMA geldi! Tren gar\u0131nda \u00f6l\u00fcm ve kan yetmemi\u015f olacak ki, bu kin ve nefret dolu senaryoya, insanl\u0131k d\u0131\u015f\u0131 bir yakla\u015f\u0131mla bir de biber gaz\u0131 eklendi. Bir \u00e7ok a\u00e7\u0131klamam\u0131zda yer verdi\u011fimiz gibi, g\u00f6steri kontrol ajanlar\u0131n\u0131n gerek etkin maddeleri olan &#8216;oleoresin capsaicin (OC) ve o-klorobenzilidenmalononitril (CS)&#8217;, gerekse de etkin maddelerinin \u00e7\u00f6z\u00fcnmesi i\u00e7in kullan\u0131lan &#8216;Diklorometan (DCM, metilen klor\u00fcr), Trikloroetan (Metil kloroform), Metil izobutil keton&#8217; gibi \u00e7\u00f6z\u00fcc\u00fclerine maruz kal\u0131nan miktar, s\u00fcre ve ki\u015finin t\u0131bbi ge\u00e7mi\u015fine ba\u011fl\u0131 olarak kronik ve akut etkileri uzmanlarca sa\u011fl\u0131\u011fa zararl\u0131 ve \u00f6l\u00fcmc\u00fcl olarak nitelendiriliyor. Daha \u00f6nce cami, cemevi gibi ibadethanelerde, okullarda, evlerde, hastanelerde, k\u0131sacas\u0131 ya\u015fam alanlar\u0131nda bu kimyasal silah\u0131n pervas\u0131zca kullan\u0131lmas\u0131na \u015fahit olmu\u015ftuk. Biber gaz\u0131 fi\u015feklerinin do\u011frudan \u00f6l\u00fcmlere yol a\u00e7t\u0131\u011f\u0131 Berkin Elvan, Abdullah C\u00f6mert cinayetleri hala haf\u0131zalar\u0131m\u0131zda. Ast\u0131ml\u0131 olarak biber gaz\u0131na maruz kald\u0131ktan sonra hayat\u0131n\u0131 kaybeden \u00c7ayan Birben ve kalp hastal\u0131\u011f\u0131 zemininde yo\u011fun biber gaz\u0131na maruz kald\u0131\u011f\u0131 ortamda fenala\u015farak hayat\u0131n\u0131 kaybeden Elif \u00c7ermik\u2019in \u00f6l\u00fcmlerinde maruz kald\u0131klar\u0131 biber gaz\u0131n\u0131n tedavi s\u00fcrecine olumsuz etkisi ve en hafif deyimiyle kendilerinde mevcut hastal\u0131\u011f\u0131n seyrini artt\u0131rd\u0131\u011f\u0131 \u00e7ok a\u00e7\u0131k.&#8221; diye konu\u015ftu. <strong>(\u0130STANBUL)<\/strong><\/p>\n<p><a href=\"http:\/\/www.evrensel.net\/haber\/262988\/ankarada-saldiri-sonrasi-biber-gazi-atilmasina-dair-suc-duyurusu\">http:\/\/www.evrensel.net\/haber\/262988\/ankarada-saldiri-sonrasi-biber-gazi-atilmasina-dair-suc-duyurusu<\/a><\/p>\n","protected":false},"excerpt":{"rendered":"<p>\u0130nsan Haklar\u0131 Derne\u011fi (\u0130HD) ve Biber Gaz\u0131 Yasaklans\u0131n \u0130nisiyatifi, Ankara\u2019daki bombal\u0131 sald\u0131r\u0131 sonras\u0131 biber gaz\u0131 at\u0131lmas\u0131 na tepki g\u00f6sterdi. T\u00fcrk&#46;&#46;&#46;<\/p>\n","protected":false},"author":1,"featured_media":5021,"comment_status":"closed","ping_status":"closed","sticky":false,"template":"","format":"standard","meta":{"_jetpack_memberships_contains_paid_content":false,"footnotes":""},"categories":[1],"tags":[],"class_list":["post-5020","post","type-post","status-publish","format-standard","has-post-thumbnail","hentry","category-ced"],"aioseo_notices":[],"jetpack_featured_media_url":"http:\/\/www.ced.org.tr\/wp-content\/uploads\/2015\/10\/bibergazi.jpg","jetpack_sharing_enabled":true,"jetpack-related-posts":[],"_links":{"self":[{"href":"http:\/\/www.ced.org.tr\/index.php?rest_route=\/wp\/v2\/posts\/5020","targetHints":{"allow":["GET"]}}],"collection":[{"href":"http:\/\/www.ced.org.tr\/index.php?rest_route=\/wp\/v2\/posts"}],"about":[{"href":"http:\/\/www.ced.org.tr\/index.php?rest_route=\/wp\/v2\/types\/post"}],"author":[{"embeddable":true,"href":"http:\/\/www.ced.org.tr\/index.php?rest_route=\/wp\/v2\/users\/1"}],"replies":[{"embeddable":true,"href":"http:\/\/www.ced.org.tr\/index.php?rest_route=%2Fwp%2Fv2%2Fcomments&post=5020"}],"version-history":[{"count":7,"href":"http:\/\/www.ced.org.tr\/index.php?rest_route=\/wp\/v2\/posts\/5020\/revisions"}],"predecessor-version":[{"id":5028,"href":"http:\/\/www.ced.org.tr\/index.php?rest_route=\/wp\/v2\/posts\/5020\/revisions\/5028"}],"wp:featuredmedia":[{"embeddable":true,"href":"http:\/\/www.ced.org.tr\/index.php?rest_route=\/wp\/v2\/media\/5021"}],"wp:attachment":[{"href":"http:\/\/www.ced.org.tr\/index.php?rest_route=%2Fwp%2Fv2%2Fmedia&parent=5020"}],"wp:term":[{"taxonomy":"category","embeddable":true,"href":"http:\/\/www.ced.org.tr\/index.php?rest_route=%2Fwp%2Fv2%2Fcategories&post=5020"},{"taxonomy":"post_tag","embeddable":true,"href":"http:\/\/www.ced.org.tr\/index.php?rest_route=%2Fwp%2Fv2%2Ftags&post=5020"}],"curies":[{"name":"wp","href":"https:\/\/api.w.org\/{rel}","templated":true}]}}