{"id":5087,"date":"2015-12-10T18:15:35","date_gmt":"2015-12-10T16:15:35","guid":{"rendered":"http:\/\/www.ced.org.tr\/?p=5087"},"modified":"2015-12-10T18:15:35","modified_gmt":"2015-12-10T16:15:35","slug":"savasa-karsi-barisi-savunalim-2","status":"publish","type":"post","link":"http:\/\/www.ced.org.tr\/?p=5087","title":{"rendered":"Sava\u015fa Kar\u015f\u0131 Bar\u0131\u015f\u0131 Savunal\u0131m!"},"content":{"rendered":"<p><strong>\u0130NSAN HAKLARI HAFTASI A\u00c7ILI\u015e ETK\u0130NL\u0130\u011e\u0130<\/strong><\/p>\n<p><strong>SAVA\u015eA KAR\u015eI BARI\u015eI SAVUNALIM !<\/strong><\/p>\n<p>Birle\u015fmi\u015f Milletler, \u0130nsan Haklar\u0131 Evrensel Bildirgesi\u2019ni bundan 67 y\u0131l \u00f6nce 10 Aral\u0131k 1948 tarihinde kabul ve ilan etmi\u015ftir.<\/p>\n<p>Bu nedenle bir hafta boyunca y\u00fcr\u00fct\u00fclecek olan \u0130nsan Haklar\u0131 haftas\u0131 etkinliklerinin a\u00e7\u0131l\u0131\u015f\u0131 10 Aral\u0131k 2015 (Per\u015fembe) g\u00fcn\u00fc \u0130nsan Haklar\u0131 Derne\u011fi \u0130stanbul \u015eubesinden \u00e7\u0131k\u0131larak \u00f6zel say\u0131 ve evrensel beyanname da\u011f\u0131t\u0131m\u0131 sonras\u0131nda Taksim Tramvay dura\u011f\u0131nda yap\u0131lacak bas\u0131n a\u00e7\u0131klamas\u0131yla ger\u00e7ekle\u015fecektir.<\/p>\n<p>Konuyu bilginize sunar gerekli kat\u0131l\u0131m\u0131 g\u00f6stermenizi dileriz.<\/p>\n<p>\u00c7al\u0131\u015fmalar\u0131n\u0131zda kolayl\u0131klar dileriz.<\/p>\n<p><strong>\u00a0<\/strong><\/p>\n<p><strong>\u0130HD \u0130stanbul \u015eubesi\u00a0 \u00a0 \u00a0 \u00a0 \u00a0 \u00a0 \u00a0 \u00a0 \u00a0 \u00a0 \u00a0 \u00a0 \u00a0 \u00a0 \u00a0 \u00a0T\u0130HV \u0130stanbul Temsilcili\u011fi<\/strong><\/p>\n<p><strong>\u00a0<\/strong><\/p>\n<p><strong>Tarih: 10.12.2015 (Per\u015fembe)<\/strong><\/p>\n<p><strong>Saat: 12:30<\/strong><\/p>\n<p><strong>Yer: \u0130nsan Haklar\u0131 Derne\u011fi \u0130stanbul \u015eubesinden 12,30 da \u00e7\u0131k\u0131larak \u0130stiklal caddesinde \u00f6zel say\u0131 ve evrensel bildirge da\u011f\u0131t\u0131lacak ve Taksim Tramvay Dura\u011f\u0131nda bas\u0131n a\u00e7\u0131klamas\u0131 yap\u0131lacakt\u0131r.<\/strong><\/p>\n<p><a href=\"http:\/\/www.ced.org.tr\/wp-content\/uploads\/2015\/12\/ihh.jpg\"><img loading=\"lazy\" decoding=\"async\" class=\"aligncenter size-large wp-image-5084\" src=\"http:\/\/www.ced.org.tr\/wp-content\/uploads\/2015\/12\/ihh-702x1024.jpg\" alt=\"ihh\" width=\"702\" height=\"1024\" srcset=\"http:\/\/www.ced.org.tr\/wp-content\/uploads\/2015\/12\/ihh.jpg 702w, http:\/\/www.ced.org.tr\/wp-content\/uploads\/2015\/12\/ihh-206x300.jpg 206w\" sizes=\"auto, (max-width: 702px) 100vw, 702px\" \/><\/a><\/p>\n","protected":false},"excerpt":{"rendered":"<p>\u0130NSAN HAKLARI HAFTASI A\u00c7ILI\u015e ETK\u0130NL\u0130\u011e\u0130 SAVA\u015eA KAR\u015eI BARI\u015eI SAVUNALIM ! Birle\u015fmi\u015f Milletler, \u0130nsan Haklar\u0131 Evrensel Bildirgesi\u2019ni bundan 67 y\u0131l \u00f6nce&#46;&#46;&#46;<\/p>\n","protected":false},"author":1,"featured_media":0,"comment_status":"closed","ping_status":"closed","sticky":false,"template":"","format":"standard","meta":{"_jetpack_memberships_contains_paid_content":false,"footnotes":""},"categories":[1],"tags":[],"class_list":["post-5087","post","type-post","status-publish","format-standard","hentry","category-ced"],"aioseo_notices":[],"jetpack_featured_media_url":"","jetpack_sharing_enabled":true,"jetpack-related-posts":[],"_links":{"self":[{"href":"http:\/\/www.ced.org.tr\/index.php?rest_route=\/wp\/v2\/posts\/5087","targetHints":{"allow":["GET"]}}],"collection":[{"href":"http:\/\/www.ced.org.tr\/index.php?rest_route=\/wp\/v2\/posts"}],"about":[{"href":"http:\/\/www.ced.org.tr\/index.php?rest_route=\/wp\/v2\/types\/post"}],"author":[{"embeddable":true,"href":"http:\/\/www.ced.org.tr\/index.php?rest_route=\/wp\/v2\/users\/1"}],"replies":[{"embeddable":true,"href":"http:\/\/www.ced.org.tr\/index.php?rest_route=%2Fwp%2Fv2%2Fcomments&post=5087"}],"version-history":[{"count":1,"href":"http:\/\/www.ced.org.tr\/index.php?rest_route=\/wp\/v2\/posts\/5087\/revisions"}],"predecessor-version":[{"id":5088,"href":"http:\/\/www.ced.org.tr\/index.php?rest_route=\/wp\/v2\/posts\/5087\/revisions\/5088"}],"wp:attachment":[{"href":"http:\/\/www.ced.org.tr\/index.php?rest_route=%2Fwp%2Fv2%2Fmedia&parent=5087"}],"wp:term":[{"taxonomy":"category","embeddable":true,"href":"http:\/\/www.ced.org.tr\/index.php?rest_route=%2Fwp%2Fv2%2Fcategories&post=5087"},{"taxonomy":"post_tag","embeddable":true,"href":"http:\/\/www.ced.org.tr\/index.php?rest_route=%2Fwp%2Fv2%2Ftags&post=5087"}],"curies":[{"name":"wp","href":"https:\/\/api.w.org\/{rel}","templated":true}]}}