{"id":5097,"date":"2015-12-24T20:21:04","date_gmt":"2015-12-24T18:21:04","guid":{"rendered":"http:\/\/www.ced.org.tr\/?p=5097"},"modified":"2015-12-25T17:37:33","modified_gmt":"2015-12-25T15:37:33","slug":"istanbul-eczacilar-kooperatifi-bolge-eczacilarimizla-dayanisma-icerisinde-olacagiz","status":"publish","type":"post","link":"http:\/\/www.ced.org.tr\/?p=5097","title":{"rendered":"\u0130stanbul Eczac\u0131lar Kooperatifi: &#8220;B\u00f6lge Eczac\u0131lar\u0131m\u0131zla Dayan\u0131\u015fma \u0130\u00e7erisinde Olaca\u011f\u0131z&#8221;"},"content":{"rendered":"<p><span style=\"color: #000000;\">\u00dclkemizin bir b\u00f6l\u00fcm\u00fcnde ad\u0131 konmam\u0131\u015f bir sava\u015f hali s\u00fcr\u00fcyor. Kad\u0131n, \u00e7ocuk, gen\u00e7, ya\u015fl\u0131 siviller \u00f6l\u00fcyor.Halk kitleler halinde g\u00f6\u00e7 ediyor. Haftalarca s\u00fcren soka\u011fa \u00e7\u0131kma yasaklar\u0131 ekonomik ve sosyal ya\u015fam\u0131 fel\u00e7 etmi\u015f durumda. En temel insan haklar\u0131ndan biri olan sa\u011fl\u0131k hakk\u0131 ciddi ihlal alt\u0131nda.\u00a0Hastaneler, sa\u011fl\u0131k hizmeti \u00fcretemedi\u011fi i\u00e7in hastalar b\u00f6lge d\u0131\u015f\u0131ndaki hastanelere naklediliyor. Eczaneler kapal\u0131 oldu\u011fu i\u00e7in vatanda\u015f ila\u00e7 hizmeti alam\u0131yor. Ortaklar\u0131m\u0131z, eczac\u0131 meslekta\u015flar\u0131m\u0131z ekonomik bir \u00e7\u00f6k\u00fcnt\u00fc i\u00e7indeler.<\/span><\/p>\n<p><span style=\"color: #000000;\">Hi\u00e7 kimseye bir yarar\u0131 olmayan bu kirli sava\u015f, bir an \u00f6nce son bulmal\u0131, normalle\u015fme s\u00fcrecinin \u00f6n\u00fc h\u0131zla a\u00e7\u0131lmal\u0131d\u0131r. B\u00f6lgede olduk\u00e7a zor ko\u015fullar alt\u0131nda hizmet \u00fcretmeye \u00e7al\u0131\u015fan ortaklar\u0131m\u0131z ve t\u00fcm meslekta\u015flar\u0131m\u0131zla dayan\u0131\u015fma i\u00e7erisinde oldu\u011fumuzun bilinmesini istiyoruz.<\/span><\/p>\n<p style=\"text-align: center;\">\u0130STANBUL ECZACILAR KOOPERAT\u0130F\u0130<br \/>\nY\u00d6NET\u0130M KURULU<\/p>\n<p><a href=\"http:\/\/www.ist.eczakoop.org.tr\/Haber-Detay\/1518\/BoLGE-ECZACiLARiMiZLA-DAYANisMA-icERiSiNDE-OLACAgiZ%E2%80%A6\/index.html\">http:\/\/www.ist.eczakoop.org.tr\/Haber-Detay\/1518\/BoLGE-ECZACiLARiMiZLA-DAYANisMA-icERiSiNDE-OLACAgiZ%E2%80%A6\/index.html<\/a><\/p>\n<p>&nbsp;<\/p>\n","protected":false},"excerpt":{"rendered":"<p>\u00dclkemizin bir b\u00f6l\u00fcm\u00fcnde ad\u0131 konmam\u0131\u015f bir sava\u015f hali s\u00fcr\u00fcyor. Kad\u0131n, \u00e7ocuk, gen\u00e7, ya\u015fl\u0131 siviller \u00f6l\u00fcyor.Halk kitleler halinde g\u00f6\u00e7 ediyor. Haftalarca&#46;&#46;&#46;<\/p>\n","protected":false},"author":1,"featured_media":5110,"comment_status":"closed","ping_status":"closed","sticky":false,"template":"","format":"standard","meta":{"_jetpack_memberships_contains_paid_content":false,"footnotes":""},"categories":[1],"tags":[],"class_list":["post-5097","post","type-post","status-publish","format-standard","has-post-thumbnail","hentry","category-ced"],"aioseo_notices":[],"jetpack_featured_media_url":"http:\/\/www.ced.org.tr\/wp-content\/uploads\/2015\/12\/iskoop1.png","jetpack_sharing_enabled":true,"jetpack-related-posts":[],"_links":{"self":[{"href":"http:\/\/www.ced.org.tr\/index.php?rest_route=\/wp\/v2\/posts\/5097","targetHints":{"allow":["GET"]}}],"collection":[{"href":"http:\/\/www.ced.org.tr\/index.php?rest_route=\/wp\/v2\/posts"}],"about":[{"href":"http:\/\/www.ced.org.tr\/index.php?rest_route=\/wp\/v2\/types\/post"}],"author":[{"embeddable":true,"href":"http:\/\/www.ced.org.tr\/index.php?rest_route=\/wp\/v2\/users\/1"}],"replies":[{"embeddable":true,"href":"http:\/\/www.ced.org.tr\/index.php?rest_route=%2Fwp%2Fv2%2Fcomments&post=5097"}],"version-history":[{"count":1,"href":"http:\/\/www.ced.org.tr\/index.php?rest_route=\/wp\/v2\/posts\/5097\/revisions"}],"predecessor-version":[{"id":5099,"href":"http:\/\/www.ced.org.tr\/index.php?rest_route=\/wp\/v2\/posts\/5097\/revisions\/5099"}],"wp:featuredmedia":[{"embeddable":true,"href":"http:\/\/www.ced.org.tr\/index.php?rest_route=\/wp\/v2\/media\/5110"}],"wp:attachment":[{"href":"http:\/\/www.ced.org.tr\/index.php?rest_route=%2Fwp%2Fv2%2Fmedia&parent=5097"}],"wp:term":[{"taxonomy":"category","embeddable":true,"href":"http:\/\/www.ced.org.tr\/index.php?rest_route=%2Fwp%2Fv2%2Fcategories&post=5097"},{"taxonomy":"post_tag","embeddable":true,"href":"http:\/\/www.ced.org.tr\/index.php?rest_route=%2Fwp%2Fv2%2Ftags&post=5097"}],"curies":[{"name":"wp","href":"https:\/\/api.w.org\/{rel}","templated":true}]}}