{"id":5104,"date":"2015-12-25T17:32:24","date_gmt":"2015-12-25T15:32:24","guid":{"rendered":"http:\/\/www.ced.org.tr\/?p=5104"},"modified":"2015-12-25T17:32:24","modified_gmt":"2015-12-25T15:32:24","slug":"ruh-sagligimizdan-olmadan-baris-hemen-simdi","status":"publish","type":"post","link":"http:\/\/www.ced.org.tr\/?p=5104","title":{"rendered":"Ruh sa\u011fl\u0131\u011f\u0131m\u0131zdan olmadan  BARI\u015e HEMEN \u015e\u0130MD\u0130"},"content":{"rendered":"<div class=\"gmail_quote\">\n<div dir=\"ltr\">\n<div class=\"gmail_quote\">\n<div dir=\"ltr\">\n<div>23 aral\u0131kta Bak\u0131rk\u00f6y ve Erenk\u00f6y RSHH de yap\u0131lan ortak bas\u0131n metnidir. Hepimize iyi\u00a0gelecek bar\u0131\u015f\u0131n\u00a0 psikiyatri asistan hekimlerince\u00a0kaleme al\u0131nd\u0131\u011f\u0131 anlaml\u0131\u00a0bir \u00e7a\u011fr\u0131s\u0131&#8230;<\/div>\n<\/div>\n<div><a href=\"http:\/\/www.ced.org.tr\/wp-content\/uploads\/2015\/12\/baris.png\"><img loading=\"lazy\" decoding=\"async\" class=\"aligncenter size-large wp-image-5106\" src=\"http:\/\/www.ced.org.tr\/wp-content\/uploads\/2015\/12\/baris-1024x683.png\" alt=\"baris\" width=\"720\" height=\"480\" srcset=\"http:\/\/www.ced.org.tr\/wp-content\/uploads\/2015\/12\/baris.png 1024w, http:\/\/www.ced.org.tr\/wp-content\/uploads\/2015\/12\/baris-300x200.png 300w\" sizes=\"auto, (max-width: 720px) 100vw, 720px\" \/><\/a><\/div>\n<div dir=\"ltr\">\n<div>\n<p><span style=\"color: #000000; font-family: Calibri; font-size: medium;\">Sa\u011fl\u0131k \u00e7al\u0131\u015fanlar\u0131 olarak defalarca \u00e7a\u011fr\u0131 yapt\u0131k. Sava\u015f\u0131n, \u00e7at\u0131\u015fman\u0131n en ac\u0131 y\u00fcz\u00fcn\u00fc bilen biz sa\u011fl\u0131k\u00e7\u0131lar; gen\u00e7lerin, \u00e7ocuklar\u0131n \u00f6l\u00fc, par\u00e7alanm\u0131\u015f bedenlerinin g\u00f6rmekten \u00e7ok yorulduk.<\/span><\/p>\n<p><span style=\"color: #000000; font-family: Calibri; font-size: medium;\">Daha iki ay \u00f6nce \u201c\u0130nsanlar \u00f6lmesin, bar\u0131\u015f olsun\u201d demek i\u00e7in Ankara\u2019da miting yapmak isteyen insanlar katledilmi\u015f; yaral\u0131lar\u0131n ve onlara yard\u0131ma ko\u015fan sa\u011fl\u0131k emek\u00e7ilerinin \u00fczerlerine biber gaz\u0131 at\u0131lm\u0131\u015ft\u0131r. \u015eimdi G\u00fcneydo\u011fu\u2019da ya\u015fananlar t\u00fcyler \u00fcrperticidir. Aylard\u0131r tan\u0131k olduklar\u0131m\u0131z vah\u015fet boyutlar\u0131ndad\u0131r. T\u00fcrkiye Cumhuriyeti\u2019nin tarihinde ya\u015fanmad\u0131\u011f\u0131 kadar uzun ve hukuka ayk\u0131r\u0131 soka\u011fa \u00e7\u0131kma yasaklar\u0131 ilan edilip \u00fczerine operasyon yap\u0131lan, elektriksiz, susuz kalan, a\u00e7l\u0131k tehlikesiyle burun buruna gelen, evleri kur\u015funlanan, bombalanan, keskin ni\u015fanc\u0131lar\u0131n hedefi olan hatta yak\u0131nlar\u0131n\u0131 yitiren insanlar\u0131m\u0131z\u0131 \u00e7ok daha b\u00fcy\u00fck tehlikeler beklemektedir. Milletvekillerinin, bas\u0131n\u0131n dahi delemedi\u011fi bu yasaklarla, i\u015flenen insanl\u0131k su\u00e7lar\u0131 gizlenmektedir.<\/span><\/p>\n<p><span style=\"color: #000000; font-family: Calibri; font-size: medium;\">Devlet, bu b\u00f6lgelerdeki \u00f6\u011fretmenleri sava\u015f boyutundaki operasyon \u00f6ncesi hizmet i\u00e7i e\u011fitim ad\u0131 alt\u0131nda il\u00e7elerden \u00e7\u0131kar\u0131rken geride kalan \u00f6\u011frencileri kaderlerine terk etmekle ve sa\u011fl\u0131k emek\u00e7ilerini hastanelere hapsetmekle \u00e7ok tehlikeli bir mesaj vermi\u015ftir. E\u011fitim ve sa\u011fl\u0131k ba\u015fta olmak \u00fczere t\u00fcm kamu hizmetleri sava\u015f d\u00fczenine g\u00f6re yeniden dizayn edilmektedir. \u015eimdi de toplumsal haf\u0131zan\u0131n yok edilmesi amac\u0131yla tarihi eserler tahrip edilmekte, okullar, hastaneler, \u00f6\u011frenci yurtlar\u0131 bo\u015falt\u0131larak \u015fehirler polis karakollar\u0131 ve askeri kararg\u00e2hlar haline getirilmektedir. B\u00fcy\u00fck bir cezaevi haline getiriliyor \u00fclkemiz.<\/span><\/p>\n<p><span style=\"color: #000000; font-family: Calibri; font-size: medium;\">Ya\u015fanan insan hakk\u0131 ihlallerinden sa\u011fl\u0131k emek\u00e7ileri de zarar g\u00f6rmektedir. Cizre Devlet Hastanesinde oldu\u011fu gibi sa\u011fl\u0131k kurumlar\u0131 hedef haline gelmekte, getirilmekte, silahl\u0131 sald\u0131r\u0131ya u\u011framaktad\u0131r. Hastaneler \u00e7at\u0131\u015fma b\u00f6lgelerinde \u00f6zel harekat polisleri taraf\u0131ndan birer karargah gibi kullan\u0131lmaktad\u0131r. Hastanelerden d\u0131\u015far\u0131ya ate\u015f a\u00e7\u0131lmakta, d\u0131\u015far\u0131dan da hastanelere ate\u015f edilmekte, roketli sald\u0131r\u0131lar olmaktad\u0131r. T\u00fcrkiye\u2019nin de taraf oldu\u011fu pek \u00e7ok uluslar aras\u0131 s\u00f6zle\u015fme her t\u00fcrl\u00fc sava\u015f ve \u00e7at\u0131\u015fma ko\u015fullar\u0131nda hastanelerin korunmas\u0131n\u0131 emrederken bug\u00fcn hastaneler b\u0131rak\u0131n korunmay\u0131 birer \u00e7at\u0131\u015fma mekan\u0131 haline d\u00f6n\u00fc\u015ft\u00fcr\u00fclm\u00fc\u015ft\u00fcr. Hastanelerin kap\u0131s\u0131nda ambulans yerine TOMA\u2019lar, akrepler beklemekte, hastanelere, ambulanslara kur\u015fun s\u0131k\u0131lmaktad\u0131r. \u00d6zellikle \u00e7at\u0131\u015fma b\u00f6lgelerindeki sa\u011fl\u0131k emek\u00e7ileri ya\u015fad\u0131klar\u0131 \u00e7aresizlik nedeniyle, bu b\u00f6lgelerden ayr\u0131lmaya \u00e7al\u0131\u015fmakta, en sonunda istifay\u0131 bile d\u00fc\u015f\u00fcnmektedirler. B\u00f6ylesi ko\u015fullar nedeniyle yurtta\u015flar sa\u011fl\u0131k hizmetine eri\u015fememekte, bebeklerin a\u015f\u0131lar\u0131 yap\u0131lamamakta, kad\u0131nlar evlerde do\u011fum yapmakta, eczaneler a\u00e7\u0131lamamaktad\u0131r. Sa\u011fl\u0131k \u00e7al\u0131\u015fanlar\u0131 can g\u00fcvenli\u011fi olmayan ko\u015fullarda yurtta\u015flar\u0131n sa\u011fl\u0131\u011f\u0131 i\u00e7in \u00e7abalamaktad\u0131rlar.<\/span><\/p>\n<p><span style=\"color: #000000; font-family: Calibri; font-size: medium;\">Ya\u015fanan bunca sorun i\u00e7in bir kez bile konu\u015fmayan Sa\u011fl\u0131k Bakan\u0131, \u015fimdi de m\u00fcjde verir gibi \u00e7at\u0131\u015fma alanlar\u0131ndaki sa\u011fl\u0131k emek\u00e7ilerinin bir hafta boyunca sa\u011fl\u0131k kurumlar\u0131ndan ayr\u0131lmayacaklar\u0131n\u0131, hastanede yat\u0131p kalkacaklar\u0131n\u0131 ilan etmektedir.<\/span><\/p>\n<p><span style=\"color: #000000; font-family: Calibri; font-size: medium;\">Ya\u015fam hakk\u0131, sa\u011fl\u0131k hakk\u0131 en temel insan haklar\u0131ndand\u0131r. Sa\u011fl\u0131k \u00e7al\u0131\u015fanlar\u0131 olarak biliyoruz ki \u00e7ocuklar ba\u015fta olmak \u00fczere, t\u00fcm b\u00f6lge halk\u0131nda yarat\u0131lan \u015fiddetli psikolojik travma, tedavisi \u00e7ok g\u00fc\u00e7, uzun y\u0131llar etkisinin silinmesi m\u00fcmk\u00fcn olmayacak sonu\u00e7lar yaratmaktad\u0131r. Hayat\u0131n\u0131 kaybedenlerin yak\u0131nlar\u0131 yas\u0131n\u0131 bile ya\u015fayamamaktad\u0131r.<\/span><\/p>\n<p><span style=\"color: #000000; font-family: Calibri; font-size: medium;\">Soruyoruz: Yaratt\u0131\u011f\u0131n\u0131z bu \u00e7at\u0131\u015fma ortam\u0131nda sa\u011fl\u0131k hizmeti alamad\u0131\u011f\u0131 i\u00e7in \u00f6len yurtta\u015flar umrunuzda m\u0131? B\u00f6lgeden ya\u015fanan g\u00f6\u00e7lerle il\u00e7elerin, kentlerin insans\u0131zla\u015fmas\u0131, kentlerimizin Gazze\u2019yi, Halep\u2019i and\u0131ran g\u00f6r\u00fcn\u00fcme b\u00fcr\u00fcnmesi nas\u0131l bir gelece\u011fe i\u015faret etmektedir? G\u00f6revlendirdi\u011finiz sa\u011fl\u0131k \u00e7al\u0131\u015fanlar\u0131n\u0131n ate\u015f alt\u0131nda b\u0131rak\u0131lmalar\u0131, \u00f6l\u00fcm tehlikesi alt\u0131nda \u00e7al\u0131\u015fmalar\u0131 sizi ilgilendirmiyor mu? Onlar yaralan\u0131r, hayat\u0131n\u0131 kaybederse sorumlulu\u011funun alt\u0131ndan nas\u0131l kalkacaks\u0131n\u0131z?<\/span><\/p>\n<p><span style=\"color: #000000; font-family: Calibri; font-size: medium;\">Bir kez daha sesleniyoruz<\/span><\/p>\n<p><span style=\"color: #000000; font-family: Calibri; font-size: medium;\">Yeni bir Dr. Abdullah Biro\u011flu , Hem\u015fire Ey\u00fcp Ergen, ambulans \u015fof\u00f6r\u00fc Seyhmuz Dursun vakalar\u0131 istemiyoruz.<\/span><\/p>\n<p><span style=\"color: #000000; font-family: Calibri; font-size: medium;\">\u00c7at\u0131\u015fmalar son bulsun, silahlar de\u011fil insanlar konu\u015fsun.<\/span><\/p>\n<p><span style=\"color: #000000; font-family: Calibri; font-size: medium;\">Sa\u011fl\u0131k kurumlar\u0131 askeri ama\u00e7larla kullan\u0131lmas\u0131n, \u00e7at\u0131\u015fma mekan\u0131 olmaktan \u00e7\u0131kar\u0131ls\u0131n.<\/span><\/p>\n<p><span style=\"color: #000000; font-family: Calibri; font-size: medium;\">Sa\u011fl\u0131k kurumlar\u0131 ve sa\u011fl\u0131k \u00e7al\u0131\u015fanlar\u0131na y\u00f6nelik t\u00fcm sald\u0131r\u0131lar dursun.<\/span><\/p>\n<p><span style=\"color: #000000; font-family: Calibri; font-size: medium;\">Yurtta\u015flar\u0131n sa\u011fl\u0131k hizmeti almas\u0131na engel olan t\u00fcm uygulamalar kald\u0131r\u0131ls\u0131n.<\/span><\/p>\n<p><span style=\"color: #000000; font-family: Calibri; font-size: medium;\">Re\u00e7etemizdeki en etkin ila\u00e7 bar\u0131\u015ft\u0131r.\u00a0<\/span><\/p>\n<p><b><span style=\"font-size: medium;\">Ruh sa\u011fl\u0131\u011f\u0131 \u00e7al\u0131\u015fanlar\u0131 olarak diyoruz ki;<\/span><\/b><\/p>\n<p><span style=\"font-size: medium;\">o<\/span><b><span style=\"font-size: medium;\">Sava\u015f\u0131n y\u0131k\u0131c\u0131l\u0131\u011f\u0131ndan vazge\u00e7mek ve yeniden bar\u0131\u015f\u0131 tahayy\u00fcl edebilmek i\u00e7in silahlar hemen susmal\u0131d\u0131r.<\/span><\/b><\/p>\n<p><span style=\"font-size: medium;\">o<\/span><b><span style=\"font-size: medium;\">Bu co\u011frafyada, bu topraklarda ya\u015fayan insanlar sorunlar\u0131n\u0131, kana bulamadan, sald\u0131rmadan, demokratik yollarla \u00e7\u00f6zmeyi ba\u015farabilirler.<\/span><\/b><\/p>\n<p>o\u00a0\u00a0\u00a0<b><span style=\"font-size: medium;\">Toplumdaki bu sava\u015f r\u00fczgar\u0131na teslim olmay\u0131p, yan\u0131m\u0131zdakilerle bir arada yan yana sa\u011flamca durarak sava\u015fa kar\u015f\u0131 durma zaman\u0131d\u0131r.<\/span><\/b><\/p>\n<p><span style=\"font-size: medium;\">o<\/span><b><span style=\"font-size: medium;\">Cizre\u2019de ya\u015fam\u0131n\u0131 yitirenler i\u00e7in Karadeniz\u2019de, Karadeniz\u2019den Ege\u2019den ya\u015fam\u0131n\u0131 yitirenler i\u00e7in Diyarbak\u0131r\u2019da a\u011flamadan, insanl\u0131\u011f\u0131n kadim tarihince devam eden kutsallara sayg\u0131 g\u00f6stermeden, kay\u0131plara duyulan yas\u0131 ortakla\u015ft\u0131rmadan, kendi hakl\u0131l\u0131\u011f\u0131m\u0131z\u0131 anlatma \u0131srar\u0131ndan vazge\u00e7ip \u00f6tekini dinlemeden, bu \u00fclkenin her yakas\u0131nda ya\u015fayan insanlar birlikte ya\u015famak i\u00e7in kararl\u0131l\u0131kla hep beraber bar\u0131\u015f g\u00fcvercinleri u\u00e7urmadan hi\u00e7birimiz g\u00fcvende de\u011filiz.<\/span><\/b><\/p>\n<p><span style=\"font-size: medium;\">o<\/span><b><span style=\"font-size: medium;\">Sava\u015f insan\u0131n ge\u00e7mi\u015fiyle ve gelece\u011fiyle; en temelde kendisiyle olan ili\u015fkisini de\u011fi\u015ftirir. Benli\u011fini \u00fczerine kurdu\u011fu temelleri etkiler-sarsar. Sava\u015f direk maruz kal\u0131nmaks\u0131z\u0131n da i\u00e7sel d\u00fcnyalara yans\u0131r. Bu y\u00fczden BARI\u015e sadece \u00e7at\u0131\u015fmaya maruz kalma ihtimali olanlar i\u00e7in de\u011fil her birimiz i\u00e7in temel bir gereksinimdir. Mutlu olabilmek i\u00e7in, hayattan al\u0131nabilecek tad\u0131 alabilmek i\u00e7in elzemdir. \u00a0<\/span><\/b><\/p>\n<p><b><span style=\"font-size: medium;\">\u00a0\u00a0\u00a0\u00a0\u00a0\u00a0\u00a0\u00a0\u00a0\u00a0\u00a0\u00a0\u00a0\u00a0\u00a0\u00a0\u00a0 BARI\u015e elbette en \u00f6nce \u00f6l\u00fcmlerin durmas\u0131 i\u00e7in laz\u0131md\u0131r. Ancak orada bitmez;<\/span><\/b><\/p>\n<p align=\"center\"><b><span style=\"font-size: medium;\">BU G\u00dcZEL \u00dcLKEN\u0130N, BU KAD\u0130M TOPRAKLARIN HER B\u0130R YANINDA YA\u015eAYAN T\u00dcM \u0130NSANLAR \u0130\u00c7\u0130N, GELECE\u011eE DA\u0130R HAYALLER KURAB\u0130LMEK, UMUT VE MUTLULUK \u00dcRETEB\u0130LMEK \u0130\u00c7\u0130N BARI\u015e \u00a0VAZGE\u00c7\u0130LMEZ\u0130M\u0130ZD\u0130R.\u00a0<\/span><\/b><\/p>\n<\/div>\n<\/div>\n<\/div>\n<\/div>\n<\/div>\n","protected":false},"excerpt":{"rendered":"<p>23 aral\u0131kta Bak\u0131rk\u00f6y ve Erenk\u00f6y RSHH de yap\u0131lan ortak bas\u0131n metnidir. Hepimize iyi\u00a0gelecek bar\u0131\u015f\u0131n\u00a0 psikiyatri asistan hekimlerince\u00a0kaleme al\u0131nd\u0131\u011f\u0131 anlaml\u0131\u00a0bir \u00e7a\u011fr\u0131s\u0131&#8230;&#46;&#46;&#46;<\/p>\n","protected":false},"author":1,"featured_media":5106,"comment_status":"closed","ping_status":"closed","sticky":false,"template":"","format":"standard","meta":{"_jetpack_memberships_contains_paid_content":false,"footnotes":""},"categories":[62],"tags":[],"class_list":["post-5104","post","type-post","status-publish","format-standard","has-post-thumbnail","hentry","category-sagliktan-haberler"],"aioseo_notices":[],"jetpack_featured_media_url":"http:\/\/www.ced.org.tr\/wp-content\/uploads\/2015\/12\/baris.png","jetpack_sharing_enabled":true,"jetpack-related-posts":[],"_links":{"self":[{"href":"http:\/\/www.ced.org.tr\/index.php?rest_route=\/wp\/v2\/posts\/5104","targetHints":{"allow":["GET"]}}],"collection":[{"href":"http:\/\/www.ced.org.tr\/index.php?rest_route=\/wp\/v2\/posts"}],"about":[{"href":"http:\/\/www.ced.org.tr\/index.php?rest_route=\/wp\/v2\/types\/post"}],"author":[{"embeddable":true,"href":"http:\/\/www.ced.org.tr\/index.php?rest_route=\/wp\/v2\/users\/1"}],"replies":[{"embeddable":true,"href":"http:\/\/www.ced.org.tr\/index.php?rest_route=%2Fwp%2Fv2%2Fcomments&post=5104"}],"version-history":[{"count":1,"href":"http:\/\/www.ced.org.tr\/index.php?rest_route=\/wp\/v2\/posts\/5104\/revisions"}],"predecessor-version":[{"id":5107,"href":"http:\/\/www.ced.org.tr\/index.php?rest_route=\/wp\/v2\/posts\/5104\/revisions\/5107"}],"wp:featuredmedia":[{"embeddable":true,"href":"http:\/\/www.ced.org.tr\/index.php?rest_route=\/wp\/v2\/media\/5106"}],"wp:attachment":[{"href":"http:\/\/www.ced.org.tr\/index.php?rest_route=%2Fwp%2Fv2%2Fmedia&parent=5104"}],"wp:term":[{"taxonomy":"category","embeddable":true,"href":"http:\/\/www.ced.org.tr\/index.php?rest_route=%2Fwp%2Fv2%2Fcategories&post=5104"},{"taxonomy":"post_tag","embeddable":true,"href":"http:\/\/www.ced.org.tr\/index.php?rest_route=%2Fwp%2Fv2%2Ftags&post=5104"}],"curies":[{"name":"wp","href":"https:\/\/api.w.org\/{rel}","templated":true}]}}