{"id":5119,"date":"2015-12-30T20:03:46","date_gmt":"2015-12-30T18:03:46","guid":{"rendered":"http:\/\/www.ced.org.tr\/?p=5119"},"modified":"2015-12-30T20:03:46","modified_gmt":"2015-12-30T18:03:46","slug":"yeni-ilac-fiyat-tebligi-ne-getiriyor","status":"publish","type":"post","link":"http:\/\/www.ced.org.tr\/?p=5119","title":{"rendered":"Yeni \u0130la\u00e7 Fiyat Tebli\u011fi Ne Getiriyor?"},"content":{"rendered":"<p>Be\u015feri T\u0131bbi \u00dcr\u00fcnlerin Fiyat<span class=\"text_exposed_show\">land\u0131r\u0131lmas\u0131 Hakk\u0131nda Tebli\u011f 11 Aral\u0131k 2015 tarih ve 29559 say\u0131l\u0131 Resmi Gazete&#8217;de yay\u0131mland\u0131. Yeni tebli\u011f nedeniyle fiyatlar\u0131 de\u011fi\u015fecek ila\u00e7lar\u0131n listesi 1 Mart 2016 tarihinde yay\u0131nlanacak ve yay\u0131m tarihinden 40 g\u00fcn sonra y\u00fcr\u00fcrl\u00fc\u011fe girecek. <\/span><\/p>\n<p><span class=\"text_exposed_show\">Yeni ila\u00e7 fiyat tebli\u011finde eczac\u0131 kamuoyunun beklentilerine y\u00f6nelik herhangi bir d\u00fczenleme s\u00f6z konusu de\u011fil. Tebli\u011f daha \u00e7ok yerli ila\u00e7 sekt\u00f6r\u00fcn\u00fcn, \u00fcretim maliyetleri alt\u0131nda kalan ila\u00e7lar\u0131n\u0131 kaps\u0131yor. Be\u015feri T\u0131bbi \u00dcr\u00fcnlerin Fiyatland\u0131r\u0131lmas\u0131 Hakk\u0131nda Tebli\u011f ile Jenerik ila\u00e7 \u00fcreticilerini yak\u0131ndan ilgilendiren iki yeni d\u00fczenleme geliyor. &#8211; Birincisi; maliyet kart\u0131 uygulamas\u0131 &#8211; \u0130kincisi ise; yetim ila\u00e7larla ilgili Referans Fiyat Uygulamas\u0131 nedeniyle \u00fcretim maliyetlerinin alt\u0131nda kalan yirmi y\u0131ll\u0131k ila\u00e7lar i\u00e7in fabrika \u00e7\u0131k\u0131\u015f (depocuya sat\u0131\u015f) fiyat\u0131 6,93 TL ve alt\u0131nda, yirmi y\u0131ll\u0131k olmayan ila\u00e7lar i\u00e7in ise fabrika \u00e7\u0131k\u0131\u015f (depocuya sat\u0131\u015f) fiyat\u0131 3,63TL\u2019nin alt\u0131nda kalan ila\u00e7lar art\u0131k referans fiyat uygulamas\u0131na tabi olmayacaklar. Nitekim tebli\u011fin 5. Maddesinin 12.f\u0131kras\u0131nda \u2018maliyet kart\u0131na g\u00f6re fiyat alan \u00fcr\u00fcnlerde maliyet kart\u0131nda beyan edilen fiyat\u0131n %100\u2019\u00fc fabrika \u00e7\u0131k\u0131\u015f fiyat\u0131 olarak belirlenir\u2019 denilerek bu grup ila\u00e7larda referans takibi yap\u0131lmayaca\u011f\u0131 belirtiliyor. \u00d6zetle maliyet kart\u0131n\u0131n alt\u0131nda \u00fcretilen ila\u00e7lardan yirmi y\u0131ll\u0131klar 6,983 TL\u2019ye, yirmi y\u0131ll\u0131k olmayanlar ise 3,63 TL\u2019ye kadar fiyat alabilecekler. Ancak bu uygulaman\u0131n her ila\u00e7 firmas\u0131 i\u00e7in s\u0131n\u0131rl\u0131 say\u0131da ilac\u0131 kapsayaca\u011f\u0131 ve fiyat de\u011fi\u015fikli\u011finin 400-500 kalem ila\u00e7la s\u0131n\u0131rl\u0131 kalaca\u011f\u0131 tahmin ediliyor.<\/span><\/p>\n<p><span class=\"text_exposed_show\"> Sekt\u00f6r temsilcilerinin listelerin yay\u0131m tarihinin, \u015eubat 2016\u2019ya \u00e7ekilmesi ve yay\u0131m tarihinden 5 g\u00fcn sonra y\u00fcr\u00fcrl\u00fc\u011fe girmesine y\u00f6nelik taleplerini bakanl\u0131k yetkililerine ilettikleri gelen bilgiler aras\u0131nda. Yeni ila\u00e7 tebli\u011finde yerli ila\u00e7 sekt\u00f6r\u00fcn\u00fc ilgilendiren esas d\u00fczenleme yetim ila\u00e7lara y\u00f6nelik olarak geliyor. Yetim ila\u00e7larda da referans fiyat\u0131n %100\u2019\u00fc uygulanacak. Dahas\u0131, yetim ila\u00e7lar; ithali halinde %5, T\u00fcrkiye\u2019de \u00fcretilmesi halinde ise %100\u2019\u00fcn %20 fazlas\u0131 fiyat alabilecekler.<\/span><\/p>\n<p>Ecz. Rafet \u015eahin<\/p>\n","protected":false},"excerpt":{"rendered":"<p>Be\u015feri T\u0131bbi \u00dcr\u00fcnlerin Fiyatland\u0131r\u0131lmas\u0131 Hakk\u0131nda Tebli\u011f 11 Aral\u0131k 2015 tarih ve 29559 say\u0131l\u0131 Resmi Gazete&#8217;de yay\u0131mland\u0131. Yeni tebli\u011f nedeniyle fiyatlar\u0131&#46;&#46;&#46;<\/p>\n","protected":false},"author":1,"featured_media":0,"comment_status":"closed","ping_status":"closed","sticky":false,"template":"","format":"standard","meta":{"_jetpack_memberships_contains_paid_content":false,"footnotes":""},"categories":[51],"tags":[],"class_list":["post-5119","post","type-post","status-publish","format-standard","hentry","category-ecz-rafet-sahin"],"aioseo_notices":[],"jetpack_featured_media_url":"","jetpack_sharing_enabled":true,"jetpack-related-posts":[],"_links":{"self":[{"href":"http:\/\/www.ced.org.tr\/index.php?rest_route=\/wp\/v2\/posts\/5119","targetHints":{"allow":["GET"]}}],"collection":[{"href":"http:\/\/www.ced.org.tr\/index.php?rest_route=\/wp\/v2\/posts"}],"about":[{"href":"http:\/\/www.ced.org.tr\/index.php?rest_route=\/wp\/v2\/types\/post"}],"author":[{"embeddable":true,"href":"http:\/\/www.ced.org.tr\/index.php?rest_route=\/wp\/v2\/users\/1"}],"replies":[{"embeddable":true,"href":"http:\/\/www.ced.org.tr\/index.php?rest_route=%2Fwp%2Fv2%2Fcomments&post=5119"}],"version-history":[{"count":1,"href":"http:\/\/www.ced.org.tr\/index.php?rest_route=\/wp\/v2\/posts\/5119\/revisions"}],"predecessor-version":[{"id":5120,"href":"http:\/\/www.ced.org.tr\/index.php?rest_route=\/wp\/v2\/posts\/5119\/revisions\/5120"}],"wp:attachment":[{"href":"http:\/\/www.ced.org.tr\/index.php?rest_route=%2Fwp%2Fv2%2Fmedia&parent=5119"}],"wp:term":[{"taxonomy":"category","embeddable":true,"href":"http:\/\/www.ced.org.tr\/index.php?rest_route=%2Fwp%2Fv2%2Fcategories&post=5119"},{"taxonomy":"post_tag","embeddable":true,"href":"http:\/\/www.ced.org.tr\/index.php?rest_route=%2Fwp%2Fv2%2Ftags&post=5119"}],"curies":[{"name":"wp","href":"https:\/\/api.w.org\/{rel}","templated":true}]}}