{"id":5128,"date":"2016-01-08T16:58:07","date_gmt":"2016-01-08T14:58:07","guid":{"rendered":"http:\/\/www.ced.org.tr\/?p=5128"},"modified":"2016-01-08T17:00:48","modified_gmt":"2016-01-08T15:00:48","slug":"ekonomi-koordinasyon-kurulu-ilac-fiyatlarini-belirleme-kriterlerini-yeniledi","status":"publish","type":"post","link":"http:\/\/www.ced.org.tr\/?p=5128","title":{"rendered":"Ekonomi Koordinasyon Kurulu ila\u00e7 fiyatlar\u0131n\u0131 belirleme kriterlerini yeniledi"},"content":{"rendered":"<p>28 Aral\u0131k 2015 tarihinde ger\u00e7ekle\u015ftirilen 2. Ekonomi Koordinasyon Kurulu (EKK) toplant\u0131s\u0131nda Sa\u011fl\u0131k ve Sosyal G\u00fcvenlik Politikalar\u0131 de\u011ferlendirilmi\u015f ve a\u015fa\u011f\u0131daki kararlar al\u0131nm\u0131\u015ft\u0131r.<\/p>\n<p>2015 y\u0131l\u0131n\u0131n Eyl\u00fcl ay\u0131nda 2,07 lira olarak belirlenen ve o g\u00fcnlerde 3,3 TL olan kurun \u00e7ok \u00e7ok alt\u0131nda kalmas\u0131 nedeniyle ila\u00e7 sanayisi taraf\u0131ndan ho\u015fnutsuzlukla kar\u015f\u0131lanan euro kuru, EKK taraf\u0131ndan 2,16 ya \u00e7\u0131kar\u0131lm\u0131\u015f ve uygulama tarihi de 45 g\u00fcnl\u00fck ge\u00e7i\u015f d\u00f6neminin ard\u0131ndan 22 \u015eubat 2016 olarak belirlenmi\u015ftir.<\/p>\n<p>Kur art\u0131\u015f\u0131 ile 22 \u015eubat 2016 tarihinden itibaren b\u00fct\u00fcn ila\u00e7larda % 1,87 ile % 2\u2019lik bir fiyat art\u0131\u015f\u0131 bekleniyor.<\/p>\n<p>Ayr\u0131ca perakende fiyat\u0131;<\/p>\n<p>1 TL ye kadar olan ila\u00e7larda % 20<\/p>\n<p>1 TL ile 2 TL\u00a0\u00a0\u00a0\u00a0 aras\u0131nda\u00a0\u00a0\u00a0\u00a0\u00a0\u00a0\u00a0 % 18<\/p>\n<p>2 TL ile 3 TL\u00a0\u00a0\u00a0\u00a0\u00a0\u00a0\u00a0\u00a0\u00a0\u00a0 &#8221;\u00a0\u00a0\u00a0\u00a0\u00a0\u00a0\u00a0\u00a0\u00a0\u00a0\u00a0\u00a0\u00a0\u00a0 % 16<\/p>\n<p>3 TL ile 4 TL\u00a0\u00a0\u00a0\u00a0\u00a0\u00a0\u00a0\u00a0\u00a0\u00a0 &#8221;\u00a0\u00a0\u00a0\u00a0\u00a0 \u00a0\u00a0\u00a0\u00a0\u00a0\u00a0\u00a0\u00a0\u00a0% 14<\/p>\n<p>4 TL ile 5 TL\u00a0\u00a0\u00a0\u00a0\u00a0\u00a0\u00a0\u00a0\u00a0\u00a0 &#8221; \u00a0 \u00a0 \u00a0 \u00a0 \u00a0 \u00a0 \u00a0 % 12<\/p>\n<p>5 TL ile 6 TL\u00a0\u00a0\u00a0\u00a0\u00a0\u00a0\u00a0\u00a0\u00a0\u00a0 &#8221;\u00a0\u00a0\u00a0\u00a0\u00a0\u00a0\u00a0\u00a0\u00a0\u00a0\u00a0\u00a0\u00a0\u00a0 % 10<\/p>\n<p>oran\u0131nda bir zam bekleniyor ancak uygulama tarihi hen\u00fcz belirlenmi\u015f de\u011fil.<\/p>\n<p>2. Ekonomi Koordinasyon Kurulu\u2019nda KK\u0130 uygulamas\u0131na da bir d\u00fczenleme yap\u0131lm\u0131\u015ft\u0131r.<\/p>\n<p>Bu d\u00fczenlemenin de \u015fu \u015fekilde olaca\u011f\u0131 beklenmektedir:<\/p>\n<p>20 y\u0131ll\u0131k ila\u00e7larda depocuya sat\u0131\u015f fiyat\u0131,<\/p>\n<p>6.93 TL ile 10,42 TL aras\u0131nda olanlar\u0131n KK\u0130\u2019si 28\u2019den 20\u2019ye,<\/p>\n<p>3,63 TL 6,92 TL aras\u0131nda olanlar\u0131n KK\u0130\u2019S\u0130 20\u2019den 7\u2019ye<\/p>\n<p>\u00e7ekilecek, 6 TL ve alt\u0131ndaki ila\u00e7larda %4 ve %7 olarak uygulanan KK\u0130\u2019ler ise tamamen kald\u0131r\u0131lacakt\u0131r.<\/p>\n<p style=\"text-align: center;\"><strong>\u0130stanbul \u00c7a\u011fda\u015f Eczac\u0131lar Platformu<\/strong><\/p>\n","protected":false},"excerpt":{"rendered":"<p>28 Aral\u0131k 2015 tarihinde ger\u00e7ekle\u015ftirilen 2. Ekonomi Koordinasyon Kurulu (EKK) toplant\u0131s\u0131nda Sa\u011fl\u0131k ve Sosyal G\u00fcvenlik Politikalar\u0131 de\u011ferlendirilmi\u015f ve a\u015fa\u011f\u0131daki kararlar&#46;&#46;&#46;<\/p>\n","protected":false},"author":1,"featured_media":0,"comment_status":"closed","ping_status":"closed","sticky":false,"template":"","format":"standard","meta":{"_jetpack_memberships_contains_paid_content":false,"footnotes":""},"categories":[1],"tags":[],"class_list":["post-5128","post","type-post","status-publish","format-standard","hentry","category-ced"],"aioseo_notices":[],"jetpack_featured_media_url":"","jetpack_sharing_enabled":true,"jetpack-related-posts":[],"_links":{"self":[{"href":"http:\/\/www.ced.org.tr\/index.php?rest_route=\/wp\/v2\/posts\/5128","targetHints":{"allow":["GET"]}}],"collection":[{"href":"http:\/\/www.ced.org.tr\/index.php?rest_route=\/wp\/v2\/posts"}],"about":[{"href":"http:\/\/www.ced.org.tr\/index.php?rest_route=\/wp\/v2\/types\/post"}],"author":[{"embeddable":true,"href":"http:\/\/www.ced.org.tr\/index.php?rest_route=\/wp\/v2\/users\/1"}],"replies":[{"embeddable":true,"href":"http:\/\/www.ced.org.tr\/index.php?rest_route=%2Fwp%2Fv2%2Fcomments&post=5128"}],"version-history":[{"count":2,"href":"http:\/\/www.ced.org.tr\/index.php?rest_route=\/wp\/v2\/posts\/5128\/revisions"}],"predecessor-version":[{"id":5130,"href":"http:\/\/www.ced.org.tr\/index.php?rest_route=\/wp\/v2\/posts\/5128\/revisions\/5130"}],"wp:attachment":[{"href":"http:\/\/www.ced.org.tr\/index.php?rest_route=%2Fwp%2Fv2%2Fmedia&parent=5128"}],"wp:term":[{"taxonomy":"category","embeddable":true,"href":"http:\/\/www.ced.org.tr\/index.php?rest_route=%2Fwp%2Fv2%2Fcategories&post=5128"},{"taxonomy":"post_tag","embeddable":true,"href":"http:\/\/www.ced.org.tr\/index.php?rest_route=%2Fwp%2Fv2%2Ftags&post=5128"}],"curies":[{"name":"wp","href":"https:\/\/api.w.org\/{rel}","templated":true}]}}