{"id":5157,"date":"2016-02-24T12:05:06","date_gmt":"2016-02-24T10:05:06","guid":{"rendered":"http:\/\/www.ced.org.tr\/?p=5157"},"modified":"2016-02-24T12:05:06","modified_gmt":"2016-02-24T10:05:06","slug":"ilac-fiyat-kararnamesi-degisikligi","status":"publish","type":"post","link":"http:\/\/www.ced.org.tr\/?p=5157","title":{"rendered":"\u0130la\u00e7 Fiyat Kararnamesi de\u011fi\u015fikli\u011fi"},"content":{"rendered":"<p>21.02.2016 tarih ve 29631 say\u0131l\u0131 Resmi Gazete&#8217;de\u00a0Be\u015feri T\u0131bbi \u00dcr\u00fcnlerin Fiyatland\u0131r\u0131lmas\u0131na Dair Kararda De\u011fi\u015fiklik\u2008Yap\u0131lmas\u0131 Hakk\u0131nda Karar yay\u0131mlanm\u0131\u015ft\u0131r.<\/p>\n<p>Karar i\u00e7in <strong><em><a href=\"http:\/\/www.resmigazete.gov.tr\/eskiler\/2016\/02\/20160221-1.pdf\">t\u0131klay\u0131n\u0131z.<\/a><\/em><\/strong><\/p>\n","protected":false},"excerpt":{"rendered":"<p>21.02.2016 tarih ve 29631 say\u0131l\u0131 Resmi Gazete&#8217;de\u00a0Be\u015feri T\u0131bbi \u00dcr\u00fcnlerin Fiyatland\u0131r\u0131lmas\u0131na Dair Kararda De\u011fi\u015fiklik\u2008Yap\u0131lmas\u0131 Hakk\u0131nda Karar yay\u0131mlanm\u0131\u015ft\u0131r. Karar i\u00e7in t\u0131klay\u0131n\u0131z.<\/p>\n","protected":false},"author":1,"featured_media":0,"comment_status":"closed","ping_status":"closed","sticky":false,"template":"","format":"standard","meta":{"_jetpack_memberships_contains_paid_content":false,"footnotes":""},"categories":[64],"tags":[],"class_list":["post-5157","post","type-post","status-publish","format-standard","hentry","category-mevzuat"],"aioseo_notices":[],"jetpack_featured_media_url":"","jetpack_sharing_enabled":true,"jetpack-related-posts":[],"_links":{"self":[{"href":"http:\/\/www.ced.org.tr\/index.php?rest_route=\/wp\/v2\/posts\/5157","targetHints":{"allow":["GET"]}}],"collection":[{"href":"http:\/\/www.ced.org.tr\/index.php?rest_route=\/wp\/v2\/posts"}],"about":[{"href":"http:\/\/www.ced.org.tr\/index.php?rest_route=\/wp\/v2\/types\/post"}],"author":[{"embeddable":true,"href":"http:\/\/www.ced.org.tr\/index.php?rest_route=\/wp\/v2\/users\/1"}],"replies":[{"embeddable":true,"href":"http:\/\/www.ced.org.tr\/index.php?rest_route=%2Fwp%2Fv2%2Fcomments&post=5157"}],"version-history":[{"count":1,"href":"http:\/\/www.ced.org.tr\/index.php?rest_route=\/wp\/v2\/posts\/5157\/revisions"}],"predecessor-version":[{"id":5158,"href":"http:\/\/www.ced.org.tr\/index.php?rest_route=\/wp\/v2\/posts\/5157\/revisions\/5158"}],"wp:attachment":[{"href":"http:\/\/www.ced.org.tr\/index.php?rest_route=%2Fwp%2Fv2%2Fmedia&parent=5157"}],"wp:term":[{"taxonomy":"category","embeddable":true,"href":"http:\/\/www.ced.org.tr\/index.php?rest_route=%2Fwp%2Fv2%2Fcategories&post=5157"},{"taxonomy":"post_tag","embeddable":true,"href":"http:\/\/www.ced.org.tr\/index.php?rest_route=%2Fwp%2Fv2%2Ftags&post=5157"}],"curies":[{"name":"wp","href":"https:\/\/api.w.org\/{rel}","templated":true}]}}