{"id":5159,"date":"2016-02-26T22:19:47","date_gmt":"2016-02-26T20:19:47","guid":{"rendered":"http:\/\/www.ced.org.tr\/?p=5159"},"modified":"2016-03-19T15:23:21","modified_gmt":"2016-03-19T13:23:21","slug":"ced-istanbul-sube-genel-kurulu-2","status":"publish","type":"post","link":"http:\/\/www.ced.org.tr\/?p=5159","title":{"rendered":"\u00c7ED \u0130stanbul \u015eube Genel Kurulu"},"content":{"rendered":"<hr \/>\n<p style=\"font-weight: 300;\"><strong style=\"font-style: inherit; font-weight: 600;\"><span style=\"font-style: inherit; font-weight: inherit;\">\u00c7A\u011eDA\u015e ECZACILAR DERNE\u011e\u0130 \u0130STANBUL \u015eUBES\u0130<br \/>\n7. OLA\u011eAN GENEL KURULU<\/span><\/strong><\/p>\n<p style=\"font-weight: 300;\"><span style=\"font-style: inherit; font-weight: inherit;\">Derne\u011fimizin 7. Ola\u011fan Genel Kurulu 13\u00a0Mart 2016\u00a0Pazar\u00a0g\u00fcn\u00fc saat 12.00\u2019de a\u015fa\u011f\u0131da belirtilen g\u00fcndemle Ergenekon Cad. P\u0131nar Apt. No:65 (yeni no:31) Kat:6 D.15, Pangalt\u0131\/\u0130stanbul adresindeki dernek merkezimizde \u00e7o\u011funluk aranarak, belirtilen tarihte \u00e7o\u011funluk sa\u011flanamad\u0131\u011f\u0131 takdirde\u00a0<strong style=\"font-style: inherit; font-weight: 600;\">20\u00a0Mart 2016 Pazar g\u00fcn\u00fc saat 12.00\u2019de ayn\u0131 adreste \u00e7o\u011funluk aranmaks\u0131z\u0131n <\/strong>ger\u00e7ekle\u015ftirilecektir.<\/span><\/p>\n<p style=\"font-weight: 300;\"><span style=\"font-style: inherit; font-weight: inherit;\">Sayg\u0131lar\u0131m\u0131zla,<\/span><\/p>\n<p style=\"font-weight: 300;\"><strong style=\"font-style: inherit; font-weight: 600;\"><span style=\"font-style: inherit; font-weight: inherit;\">Y\u00f6netim Kurulu<\/span><\/strong><\/p>\n<p style=\"font-weight: 300;\"><strong style=\"font-style: inherit; font-weight: 600;\"><span style=\"font-style: inherit; font-weight: inherit;\">Genel Kurul G\u00fcndemi<\/span><\/strong><\/p>\n<p style=\"font-weight: 300;\"><span style=\"font-style: inherit; font-weight: inherit;\">1. \u00a0 A\u00e7\u0131l\u0131\u015f ve yoklama<br \/>\n2. \u00a0 Kongre ba\u015fkanl\u0131k divan\u0131n\u0131n se\u00e7imi<br \/>\n3. \u00a0 Sayg\u0131 duru\u015fu<br \/>\n4. \u00a0 Y\u00f6netim kurulu \u00e7al\u0131\u015fma raporunun sunulmas\u0131<br \/>\n5. \u00a0 Denetleme kurulu raporunun sunulmas\u0131<br \/>\n6. \u00a0 Raporlar \u00fczerine g\u00f6r\u00fc\u015fmeler<br \/>\n7. \u00a0 Y\u00f6netim ve denetleme kurullar\u0131n\u0131n ayr\u0131 ayr\u0131 ibras\u0131<br \/>\n8. \u00a0 Tahmini b\u00fct\u00e7enin g\u00f6r\u00fc\u015f\u00fclerek onaylanmas\u0131<br \/>\n9. \u00a0 Y\u00f6netim kurulu, denetleme kurulu ve genel merkez delegelerinin se\u00e7imi<br \/>\n10. \u00a0Dilek ve \u00f6neriler<br \/>\n11. \u00a0Kapan\u0131\u015f<\/span><\/p>\n","protected":false},"excerpt":{"rendered":"<p>\u00c7A\u011eDA\u015e ECZACILAR DERNE\u011e\u0130 \u0130STANBUL \u015eUBES\u0130 7. OLA\u011eAN GENEL KURULU Derne\u011fimizin 7. Ola\u011fan Genel Kurulu 13\u00a0Mart 2016\u00a0Pazar\u00a0g\u00fcn\u00fc saat 12.00\u2019de a\u015fa\u011f\u0131da belirtilen&#46;&#46;&#46;<\/p>\n","protected":false},"author":1,"featured_media":0,"comment_status":"closed","ping_status":"closed","sticky":false,"template":"","format":"standard","meta":{"_jetpack_memberships_contains_paid_content":false,"footnotes":""},"categories":[1],"tags":[],"class_list":["post-5159","post","type-post","status-publish","format-standard","hentry","category-ced"],"aioseo_notices":[],"jetpack_featured_media_url":"","jetpack_sharing_enabled":true,"jetpack-related-posts":[],"_links":{"self":[{"href":"http:\/\/www.ced.org.tr\/index.php?rest_route=\/wp\/v2\/posts\/5159","targetHints":{"allow":["GET"]}}],"collection":[{"href":"http:\/\/www.ced.org.tr\/index.php?rest_route=\/wp\/v2\/posts"}],"about":[{"href":"http:\/\/www.ced.org.tr\/index.php?rest_route=\/wp\/v2\/types\/post"}],"author":[{"embeddable":true,"href":"http:\/\/www.ced.org.tr\/index.php?rest_route=\/wp\/v2\/users\/1"}],"replies":[{"embeddable":true,"href":"http:\/\/www.ced.org.tr\/index.php?rest_route=%2Fwp%2Fv2%2Fcomments&post=5159"}],"version-history":[{"count":3,"href":"http:\/\/www.ced.org.tr\/index.php?rest_route=\/wp\/v2\/posts\/5159\/revisions"}],"predecessor-version":[{"id":5210,"href":"http:\/\/www.ced.org.tr\/index.php?rest_route=\/wp\/v2\/posts\/5159\/revisions\/5210"}],"wp:attachment":[{"href":"http:\/\/www.ced.org.tr\/index.php?rest_route=%2Fwp%2Fv2%2Fmedia&parent=5159"}],"wp:term":[{"taxonomy":"category","embeddable":true,"href":"http:\/\/www.ced.org.tr\/index.php?rest_route=%2Fwp%2Fv2%2Fcategories&post=5159"},{"taxonomy":"post_tag","embeddable":true,"href":"http:\/\/www.ced.org.tr\/index.php?rest_route=%2Fwp%2Fv2%2Ftags&post=5159"}],"curies":[{"name":"wp","href":"https:\/\/api.w.org\/{rel}","templated":true}]}}