{"id":5170,"date":"2016-03-06T13:58:21","date_gmt":"2016-03-06T11:58:21","guid":{"rendered":"http:\/\/www.ced.org.tr\/?p=5170"},"modified":"2020-12-17T18:44:20","modified_gmt":"2020-12-17T15:44:20","slug":"kadin-yasamdir-direnistir","status":"publish","type":"post","link":"http:\/\/www.ced.org.tr\/?p=5170","title":{"rendered":"Kad\u0131n Ya\u015famd\u0131r, Direni\u015ftir\u2026"},"content":{"rendered":"<p>\u015eubat ay\u0131n\u0131n son g\u00fcn\u00fc T\u00fcrkiye\u2019nin g\u00fcndemine Suudi Arabistan\u2019n\u0131n ba\u015fkenti Riyad\u2019da yap\u0131lan bir seminer afi\u015fi girdi.<\/p>\n<p>2014 yerel se\u00e7imlerine Hatay\u2019\u0131n Defne il\u00e7esinde T\u00fcrkiye Kom\u00fcnist Partisinden belediye ba\u015fkan aday\u0131 olan gazeteci Sevra Baklac\u0131\u2019n\u0131n Twitter hesab\u0131ndan payla\u015ft\u0131\u011f\u0131 afi\u015fle g\u00fcndeme ta\u015f\u0131nan olay, bir\u00e7ok ki\u015fi ve \u00e7evrenin tepkisini toplad\u0131. Tepki toplamas\u0131na toplad\u0131 ama sadece tek bir elden servis edilmi\u015f\u00e7esine ayn\u0131 kal\u0131pla verilen\u201d bir afi\u015f haberi\u201d olmaktan \u00f6teye gitmedi.<\/p>\n<p>\u00d6zellikle son y\u0131llarda bir\u00e7ok ayd\u0131n\u0131, akademisyeni, gazeteciyi, STK y\u00f6neticilerini ve hatta politikac\u0131lar\u0131 olmayacak bir suni g\u00fcndemi enine boyuna, ciddi ciddi g\u00fcnlerce tart\u0131\u015f\u0131rken izliyorum ( kendimi ve arkada\u015flar\u0131m\u0131 da tabii ki) ve nas\u0131l oluyor da tart\u0131\u015fma d\u00fczeyi her ge\u00e7en g\u00fcn daha da a\u015fa\u011f\u0131ya \u00e7ekilen bu oyuna bu denli dahil ediliyoruz diye d\u00fc\u015f\u00fcn\u00fcyorum. Mutlaka bu halin bir a\u00e7\u0131klamas\u0131 psikiyatride, sosyolojide ve ilgili bilim dallar\u0131nda vard\u0131r ve nas\u0131l \u00fcstesinden gelebilece\u011fimize dair de\u2026.<\/p>\n<p>Konumuz bu de\u011fil bug\u00fcn ama bir g\u00fcn bunu da konu\u015fmal\u0131y\u0131z derim\u2026<\/p>\n<p>S\u00f6ylemek istedi\u011fim bu afi\u015f haber de T\u00fcrkiye\u2019nin k\u0131sa s\u00fcreli g\u00fcndemlerinden biri olarak zamanda yerini ald\u0131.<\/p>\n<p>Asl\u0131nda bu yaz\u0131 bir 8 mart yaz\u0131s\u0131 olacakt\u0131 hala da olacak ama bu habere de de\u011finmemezlik edemedim a\u00e7\u0131k\u00e7as\u0131. Seminer konusu ve ba\u015fl\u0131\u011f\u0131n\u0131n sa\u00e7mal\u0131\u011f\u0131 sabit,yani yukar\u0131da bahsetti\u011fim t\u00fcrden bir tart\u0131\u015fma zemini.<\/p>\n<p>Baklac\u0131\u2019n\u0131n aktard\u0131\u011f\u0131na g\u00f6re, 23 \u015eubat tarihinde yap\u0131lan seminerde, kad\u0131n\u0131n varl\u0131\u011f\u0131 hatta ne oldu\u011fu tart\u0131\u015f\u0131lm\u0131\u015f \u201cKad\u0131n \u0130nsan m\u0131d\u0131r\u201d ba\u015fl\u0131\u011f\u0131 alt\u0131nda ne yaz\u0131k ki seminerin i\u00e7eri\u011fine ve varsa sonu\u00e7 bildirgesine ula\u015famad\u0131m. Ancak&nbsp;&nbsp; Fahd El Ahmedi isimli bir ki\u015finin(!) verdi\u011fi seminerin, \u201cYarat\u0131c\u0131l\u0131k E\u011fitimi ve Dan\u0131\u015fmanl\u0131k Akademisi\u201d isimli bir yap\u0131 taraf\u0131ndan organize edildi\u011fi ve bir etkinlikler zincirinin halkas\u0131 oldu\u011fu anla\u015f\u0131l\u0131yor. Konunun sa\u00e7mal\u0131\u011f\u0131n\u0131n yan\u0131 s\u0131ra kapitalizmin alfabesinde yer alan reklam\u0131n iyisi k\u00f6t\u00fcs\u00fc olmaz d\u00fcsturunun ve son moda \u201cdan\u0131\u015fmanl\u0131k hizmeti\u201d kavram\u0131n\u0131n Suudi Arabistan\u2019da da kar\u015f\u0131l\u0131\u011f\u0131n\u0131n olmas\u0131 dikkat \u00e7ekici.<\/p>\n<p>Ancak \u015funu da unutmamak gerekir ki Suudi Arabistan\u2019da e\u015fitlik m\u00fccadelesinin ilk ad\u0131mlar\u0131 at\u0131l\u0131yor olsa da evrensel insan haklar\u0131 ve e\u015fitlik talebiyle m\u00fccadele eden bir grup kad\u0131n var.<\/p>\n<p>Nihayet gelelim g\u00fcndemimize; 8 mart D\u00fcnya Kad\u0131nlar G\u00fcn\u00fc\u2026<\/p>\n<p>Son y\u0131llarda \u00fclkemizin, hukuk ve demokrasi, insan haklar\u0131, demokratik hak ve talepler, \u00f6zg\u00fcrl\u00fckler, e\u015fitlik , karde\u015flik gibi ya\u015famsal ana damarlar\u0131 hoyrat\u00e7a par\u00e7alanmakta. Siyasette kullan\u0131lan eril \u015fiddet dili ve \u00f6fke pratikte de kendisini g\u00f6steriyor. Herkes \u00f6fkeli ve tehditkar. Sava\u015f s\u0131n\u0131rlar\u0131m\u0131z\u0131n hemen \u00f6tesinde de\u011fil art\u0131k s\u0131n\u0131rdan i\u00e7eriye girdi,gittik\u00e7e bizi de kaplayan kapkara bir koza, kabuk\u2026<\/p>\n<p>Do\u011fu ve G\u00fcneydo\u011fu Anadolu\u2019da aylard\u0131r insanlar \u00f6l\u00fcyor say\u0131lar\u0131n\u0131 bilmiyoruz. Ge\u00e7en ay Ankara\u2019da yap\u0131lan eylemde ka\u00e7 ki\u015fi \u00f6ld\u00fc? Suru\u00e7\u2019ta 34 m\u00fc 37 miydi \u00f6len gen\u00e7ler? Ankara\u2019da Ekim ay\u0131nda yap\u0131lan bar\u0131\u015f mitinginde bomba patlam\u0131\u015ft\u0131 hani ardarda 2 tane ka\u00e7 ki\u015fiydi \u00f6len? Peki mesela 2014 y\u0131l\u0131nda 1886 i\u015f\u00e7inin, 2015 y\u0131l\u0131n\u0131n ise 9 ay\u0131nda 1317 i\u015f\u00e7inin \u00f6ld\u00fc\u011f\u00fcn\u00fc hat\u0131rl\u0131yor muyuz? Mesleklerinin f\u0131trat\u0131 olmas\u0131 nedeniyle\u2026<\/p>\n<p>Kad\u0131nl\u0131\u011f\u0131n f\u0131trat\u0131nda da baz\u0131 \u015feyler var. Her daim bir erkek taraf\u0131ndan \u015fiddet g\u00f6rmesi. Baz\u0131 istatistikler 2010-2015 y\u0131llar\u0131 aras\u0131nda yakla\u015f\u0131k 1150 kad\u0131n\u0131n u\u011frad\u0131\u011f\u0131 \u015fiddet nedeniyle \u00f6ld\u00fc\u011f\u00fcn\u00fc g\u00f6steriyor. Failler her zaman erkek; baba, karde\u015f, dede, amca, kuzen, koca, sevgili, o\u011ful(?), damat\u2026 hatta eskiler bile sizi \u00f6ld\u00fcrebilir; eski koca, eski sevgili\u2026<\/p>\n<p>Peki \u015fiddetin t\u00fcrleri ne ? \u0130lk akla gelenler, taciz, tecav\u00fcz, tehdit, a\u015fa\u011f\u0131lama, dayak ve elbette say\u0131labilen olan\u0131 cinayet. Kad\u0131nlar\u0131 isimlerinden, kimliklerinden s\u0131y\u0131r\u0131p say\u0131lar haline getirmek istemem ama \u015fiddetin boyutu i\u00e7in \u00f6nemli ne yaz\u0131k ki say\u0131lar.<\/p>\n<p>Eril devlet dili ne kadar \u015fiddetlenirse kad\u0131n\u0131n u\u011frad\u0131\u011f\u0131 \u015fiddet de o kadar art\u0131yor. Devlet bir yandan \u201cAilenin Korunmas\u0131 ve Kad\u0131na Y\u00f6nelik \u015eiddetin \u00d6nlenmesi Yasas\u0131\u201d ile s\u00f6zde kad\u0131n\u0131 korumak isterken erkekler kad\u0131nlar\u0131 sistemli bir \u015fekilde sonu\u00e7lar\u0131n\u0131 bilerek \u00f6ld\u00fcrmeye devam ediyor. Nedir s\u00f6z konusu sonu\u00e7lar;<\/p>\n<p>Pi\u015fmanl\u0131k, mahkemedeki iyi hal, kravat, erke\u011fin k\u0131\u015fk\u0131rt\u0131lmas\u0131, aldatmak, erkekli\u011fine hakaret edilmesi\u2026 uzad\u0131k\u00e7a uzar ve erkek bu muhtelif nedenlerin hafifleticili\u011fi ile gayrete gelirler.<\/p>\n<p>T\u00fcm bu \u015fiddetli ve sistematik cinsiyet\u00e7i k\u0131y\u0131m kar\u015f\u0131s\u0131nda kad\u0131nlar \u00f6zellikle son y\u0131llarda D\u0130REN\u0130\u015e saflar\u0131nda konumland\u0131lar ki her zaman hayatlar\u0131n\u0131n bir par\u00e7as\u0131d\u0131r direni\u015f kad\u0131nlar\u0131n.<\/p>\n<p>Kad\u0131nlar sava\u015fa kar\u015f\u0131 bar\u0131\u015f\u0131 hayk\u0131rarak,<\/p>\n<p>HES\u2019e kar\u015f\u0131 ye\u015fili savunarak,<\/p>\n<p>\u0130\u015f hayat\u0131nda emek ve hak gasplar\u0131na kar\u015f\u0131 e\u015fit i\u015fe e\u015fit \u00fccret diyerek,<\/p>\n<p>Tacize tecav\u00fcze erkek \u015fiddetine kar\u015f\u0131 ya\u015fam alanlar\u0131n\u0131 terk etmeyerek ,<\/p>\n<p>160 y\u0131ll\u0131k m\u00fccadele ile kazand\u0131klar\u0131 ve hak ettikleri ya\u015fam ve her \u015fey i\u00e7in dayan\u0131\u015f\u0131yor ve direniyorlar.<\/p>\n<p>Ecz. S. Ferda G\u00d6\u00c7ENER<\/p>\n","protected":false},"excerpt":{"rendered":"<p>\u015eubat ay\u0131n\u0131n son g\u00fcn\u00fc T\u00fcrkiye\u2019nin g\u00fcndemine Suudi Arabistan\u2019n\u0131n ba\u015fkenti Riyad\u2019da yap\u0131lan bir seminer afi\u015fi girdi. 2014 yerel se\u00e7imlerine Hatay\u2019\u0131n Defne&#46;&#46;&#46;<\/p>\n","protected":false},"author":11,"featured_media":5914,"comment_status":"closed","ping_status":"closed","sticky":false,"template":"","format":"standard","meta":{"_jetpack_memberships_contains_paid_content":false,"footnotes":""},"categories":[53,40],"tags":[],"class_list":["post-5170","post","type-post","status-publish","format-standard","has-post-thumbnail","hentry","category-ecz-ferda-gocener","category-yazarlar"],"aioseo_notices":[],"jetpack_featured_media_url":"http:\/\/www.ced.org.tr\/wp-content\/uploads\/2018\/08\/loge\u00e7a\u011fda\u015f-daire-lilal\u0131.png","jetpack_sharing_enabled":true,"jetpack-related-posts":[],"_links":{"self":[{"href":"http:\/\/www.ced.org.tr\/index.php?rest_route=\/wp\/v2\/posts\/5170","targetHints":{"allow":["GET"]}}],"collection":[{"href":"http:\/\/www.ced.org.tr\/index.php?rest_route=\/wp\/v2\/posts"}],"about":[{"href":"http:\/\/www.ced.org.tr\/index.php?rest_route=\/wp\/v2\/types\/post"}],"author":[{"embeddable":true,"href":"http:\/\/www.ced.org.tr\/index.php?rest_route=\/wp\/v2\/users\/11"}],"replies":[{"embeddable":true,"href":"http:\/\/www.ced.org.tr\/index.php?rest_route=%2Fwp%2Fv2%2Fcomments&post=5170"}],"version-history":[{"count":4,"href":"http:\/\/www.ced.org.tr\/index.php?rest_route=\/wp\/v2\/posts\/5170\/revisions"}],"predecessor-version":[{"id":6252,"href":"http:\/\/www.ced.org.tr\/index.php?rest_route=\/wp\/v2\/posts\/5170\/revisions\/6252"}],"wp:featuredmedia":[{"embeddable":true,"href":"http:\/\/www.ced.org.tr\/index.php?rest_route=\/wp\/v2\/media\/5914"}],"wp:attachment":[{"href":"http:\/\/www.ced.org.tr\/index.php?rest_route=%2Fwp%2Fv2%2Fmedia&parent=5170"}],"wp:term":[{"taxonomy":"category","embeddable":true,"href":"http:\/\/www.ced.org.tr\/index.php?rest_route=%2Fwp%2Fv2%2Fcategories&post=5170"},{"taxonomy":"post_tag","embeddable":true,"href":"http:\/\/www.ced.org.tr\/index.php?rest_route=%2Fwp%2Fv2%2Ftags&post=5170"}],"curies":[{"name":"wp","href":"https:\/\/api.w.org\/{rel}","templated":true}]}}