{"id":5174,"date":"2016-03-06T14:00:52","date_gmt":"2016-03-06T12:00:52","guid":{"rendered":"http:\/\/www.ced.org.tr\/?p=5174"},"modified":"2016-03-06T17:22:20","modified_gmt":"2016-03-06T15:22:20","slug":"komsumuz-ezidi-kadinlar","status":"publish","type":"post","link":"http:\/\/www.ced.org.tr\/?p=5174","title":{"rendered":"Kom\u015fumuz Ezidi Kad\u0131nlar"},"content":{"rendered":"<p>3 a\u011fustos 2014 tarihinde \u015eengal&#8217;de ba\u015flayan katliamlar\u0131n devam\u0131nda ezidileri f\u0131rt\u0131na gibi savuran sava\u015f en \u00e7ok kad\u0131n, \u00e7ocuk ve ya\u015fl\u0131lara zarar verdi.<\/p>\n<p>Kad\u0131nlar k\u00f6le pazarlar\u0131nda sat\u0131ld\u0131lar, al\u0131nd\u0131lar ve tecav\u00fcze u\u011frad\u0131lar. Ya\u015fl\u0131 olarak g\u00f6rd\u00fckleri 40 ya\u015f ve \u00fcst\u00fc kad\u0131nlar\u0131 da mezarlara g\u00f6md\u00fcler. Ezidi kad\u0131nlar\u0131n\u0131n ve k\u0131z \u00e7ocuklar\u0131n\u0131n trajedisini Nurcan Baysal <strong>Ezidiler: 73. Ferman<\/strong> adl\u0131 kitab\u0131nda anlatmaktad\u0131r.<\/p>\n<p>Bu kad\u0131nlar\u0131n al\u0131c\u0131lar\u0131 aras\u0131nda daha \u00e7ok Suriye, L\u00fcbnan, Katar, Kuveyt, Suudi Arabistan, Pakistan ve Afganistan vard\u0131. Tam da kom\u015fular\u0131, yani uzaktan de\u011fildi gelenler\u2026<\/p>\n<p>5.000&#8217;e yak\u0131n kad\u0131n kay\u0131p, sat\u0131lm\u0131\u015f ve tecav\u00fcze u\u011fram\u0131\u015ft\u0131. Tecav\u00fcze u\u011frayanlar\u0131n do\u011furacaklar\u0131 \u00e7ocuklar affedilmelerine ra\u011fmen kimlikte anne baba hanesi yaz\u0131lmas\u0131 gerekti\u011fi i\u00e7in bu kad\u0131nlar\u0131n bir k\u0131sm\u0131 intihar etti.<\/p>\n<p>Ezidi kad\u0131nlar t\u00fcm d\u00fcnyan\u0131n g\u00f6z\u00fc \u00f6n\u00fcnde katlediliyor, tecav\u00fcze u\u011fruyor, k\u00f6le pazarlar\u0131nda sat\u0131l\u0131yor ve g\u00f6rmemezlikten gelme devam ediyor.<\/p>\n<p>Yan\u0131 ba\u015f\u0131m\u0131zda bu g\u00fcne kadar farketmedi\u011fimiz ve kom\u015fumuz olan binlerce kad\u0131n kurtar\u0131lmay\u0131 bekliyor.<\/p>\n<p>Belki kurtar\u0131lmalar\u0131 m\u00fcmk\u00fcn olmayacak ama insanl\u0131k ve adalet ad\u0131na ezidi kad\u0131nlar\u0131n ya\u015fam haklar\u0131na katk\u0131 sunmak i\u00e7in 8 Mart D\u00fcnya Emek\u00e7i Kad\u0131nlar G\u00fcn\u00fcnde ya\u015famakta olduklar\u0131n\u0131 sizlerle payla\u015fmak istedim.<\/p>\n<p>Ecz. Sevgi \u0130\u015eCANLI KAVAK<\/p>\n","protected":false},"excerpt":{"rendered":"<p>3 a\u011fustos 2014 tarihinde \u015eengal&#8217;de ba\u015flayan katliamlar\u0131n devam\u0131nda ezidileri f\u0131rt\u0131na gibi savuran sava\u015f en \u00e7ok kad\u0131n, \u00e7ocuk ve ya\u015fl\u0131lara zarar&#46;&#46;&#46;<\/p>\n","protected":false},"author":1,"featured_media":0,"comment_status":"closed","ping_status":"closed","sticky":false,"template":"","format":"standard","meta":{"_jetpack_memberships_contains_paid_content":false,"footnotes":""},"categories":[56],"tags":[],"class_list":["post-5174","post","type-post","status-publish","format-standard","hentry","category-ecz-sevgi-kavak"],"aioseo_notices":[],"jetpack_featured_media_url":"","jetpack_sharing_enabled":true,"jetpack-related-posts":[],"_links":{"self":[{"href":"http:\/\/www.ced.org.tr\/index.php?rest_route=\/wp\/v2\/posts\/5174","targetHints":{"allow":["GET"]}}],"collection":[{"href":"http:\/\/www.ced.org.tr\/index.php?rest_route=\/wp\/v2\/posts"}],"about":[{"href":"http:\/\/www.ced.org.tr\/index.php?rest_route=\/wp\/v2\/types\/post"}],"author":[{"embeddable":true,"href":"http:\/\/www.ced.org.tr\/index.php?rest_route=\/wp\/v2\/users\/1"}],"replies":[{"embeddable":true,"href":"http:\/\/www.ced.org.tr\/index.php?rest_route=%2Fwp%2Fv2%2Fcomments&post=5174"}],"version-history":[{"count":3,"href":"http:\/\/www.ced.org.tr\/index.php?rest_route=\/wp\/v2\/posts\/5174\/revisions"}],"predecessor-version":[{"id":5190,"href":"http:\/\/www.ced.org.tr\/index.php?rest_route=\/wp\/v2\/posts\/5174\/revisions\/5190"}],"wp:attachment":[{"href":"http:\/\/www.ced.org.tr\/index.php?rest_route=%2Fwp%2Fv2%2Fmedia&parent=5174"}],"wp:term":[{"taxonomy":"category","embeddable":true,"href":"http:\/\/www.ced.org.tr\/index.php?rest_route=%2Fwp%2Fv2%2Fcategories&post=5174"},{"taxonomy":"post_tag","embeddable":true,"href":"http:\/\/www.ced.org.tr\/index.php?rest_route=%2Fwp%2Fv2%2Ftags&post=5174"}],"curies":[{"name":"wp","href":"https:\/\/api.w.org\/{rel}","templated":true}]}}