{"id":5193,"date":"2016-03-06T17:33:18","date_gmt":"2016-03-06T15:33:18","guid":{"rendered":"http:\/\/www.ced.org.tr\/?p=5193"},"modified":"2016-03-06T17:35:16","modified_gmt":"2016-03-06T15:35:16","slug":"14-uluslararasi-gezici-filmmor-kadin-filmleri-festivali","status":"publish","type":"post","link":"http:\/\/www.ced.org.tr\/?p=5193","title":{"rendered":"14. Uluslararas\u0131 Gezici Filmmor Kad\u0131n Filmleri Festivali"},"content":{"rendered":"<p><iframe loading=\"lazy\" src=\"https:\/\/www.youtube.com\/embed\/5ObFfXmeJI0\" width=\"560\" height=\"315\" frameborder=\"0\" allowfullscreen=\"allowfullscreen\"><\/iframe><\/p>\n<p><strong>Filmmor Kad\u0131n Kooperatifi ( Filmmor )<\/strong><\/p>\n<p>2003 y\u0131l\u0131nda kurulan ve sadece kad\u0131nlar\u0131n kat\u0131l\u0131m\u0131na a\u00e7\u0131k olan Filmmor Kad\u0131n Kooperatifi kad\u0131nlarla kad\u0131nlar i\u00e7in sinema yapmak, itiraz etmek, \u00fcretmek, d\u00fc\u015flemek ve eylemek i\u00e7in var!<\/p>\n<p><strong>Filmmor,<\/strong><\/p>\n<p>Kad\u0131nlar\u0131n sinema ve medyaya kat\u0131l\u0131m\u0131n\u0131, bu alanda kendilerini ifade edebilme, ileti\u015fim ve \u00fcretim alan, olanak ve g\u00fc\u00e7lerini art\u0131rmay\u0131 ve kad\u0131nlar\u0131n cinsiyet\u00e7i olmayan temsil ve deneyimlerini yayg\u0131nla\u015ft\u0131rmay\u0131 ama\u00e7lar.<\/p>\n<p>MED\u0130Z-Kad\u0131nlar\u0131n Medya \u0130zleme Grubu, AKL T\u00fcrkiye Koordinasyonu, Kad\u0131n Koalisyonu, Kad\u0131n Cinayetlerine Kar\u015f\u0131 Acil \u00d6nlem Grubu gibi kad\u0131n \u00f6rg\u00fctleriyle ortak platform ve kampanyalarda emek verir.<\/p>\n<p>Kad\u0131nlar\u0131n sinema bilgi ve deneyimi edinip 6 y\u0131lda 12 de film \u00fcretti\u011fi At\u00f6lyemor: Kad\u0131nlar\u0131n Sinema At\u00f6lyesi\u2019ni d\u00fczenler.<\/p>\n<p>Kad\u0131nlar\u0131n G\u00f6z\u00fcnden Kad\u0131nlar-Foto\u011fraf Sergisi, Namus \u0130\u00e7in Neler \u00c7ektik-Film-Foto\u011fraf Sergisi, Ev \u0130\u015flerine Hapsolmayal\u0131m \u0130stanbul\u2019a \u00c7\u0131kal\u0131m-Film-Foto\u011fraf-Tasar\u0131m Sergisi gibi sergiler, Cinsiyet\u00e7i Olmayan Medya \u0130\u00e7in, Cinsiyet E\u015fitli\u011finin \u0130n\u015fas\u0131 gibi konferanslar organize eder.<\/p>\n<p>\u015eimdiye kadar yap\u0131m\u0131n\u0131 tamamlad\u0131\u011f\u0131 on iki filmde oldu\u011fu gibi, kad\u0131nlarla kad\u0131nlar i\u00e7in kad\u0131nl\u0131k hallerine dair filmler yapar.<\/p>\n<p>Ve sadece kad\u0131n y\u00f6netmenlerin filmleriyle, her y\u0131l \u0130stanbul\u2019da ba\u015flay\u0131p Diyarbak\u0131r\u2019dan Denizli\u2019ye, Sinop\u2019tan Kars\u2019a, Urfa\u2019dan Eski\u015fehir\u2019e T\u00fcrkiye\u2019nin farkl\u0131 \u015fehirlerini dola\u015fan, \u201cKad\u0131nlar\u0131n \u015eiddete Bak\u0131\u015f\u0131\u201d, \u201cNamus\u201d \u201cBedeniyle Bar\u0131\u015f\u0131k Filmler\u201d gibi temalar ve \u00e7e\u015fitli etkinliklerle Uluslararas\u0131 Gezici Filmmor Kad\u0131n Filmleri Festivali\u2019ni yapar. Festivalde T\u00fcrkiye sinemas\u0131ndaki cinsiyet\u00e7ili\u011fe dikkat \u00e7ekmek ve gelecek y\u0131llar vermemek dile\u011fiyle Alt\u0131n Bamya \u00d6d\u00fclleri de verir.<\/p>\n<p>Sinemada, medyada ve nihayet her alanda cinsiyet\u00e7ili\u011fin, \u015fiddet ve ayr\u0131mc\u0131l\u0131\u011f\u0131n olmad\u0131\u011f\u0131 bir ya\u015fam d\u00fc\u015fler&#8230;<\/p>\n<p><a href=\"http:\/\/www.filmmor.org\/tr\/\">http:\/\/www.filmmor.org\/tr\/<\/a><\/p>\n","protected":false},"excerpt":{"rendered":"<p>Filmmor Kad\u0131n Kooperatifi ( Filmmor ) 2003 y\u0131l\u0131nda kurulan ve sadece kad\u0131nlar\u0131n kat\u0131l\u0131m\u0131na a\u00e7\u0131k olan Filmmor Kad\u0131n Kooperatifi kad\u0131nlarla kad\u0131nlar&#46;&#46;&#46;<\/p>\n","protected":false},"author":1,"featured_media":5196,"comment_status":"closed","ping_status":"closed","sticky":false,"template":"","format":"standard","meta":{"_jetpack_memberships_contains_paid_content":false,"footnotes":""},"categories":[61],"tags":[],"class_list":["post-5193","post","type-post","status-publish","format-standard","has-post-thumbnail","hentry","category-kultur-sanat"],"aioseo_notices":[],"jetpack_featured_media_url":"http:\/\/www.ced.org.tr\/wp-content\/uploads\/2016\/03\/Screen-shot-2016-03-06-at-5.34.26-PM.png","jetpack_sharing_enabled":true,"jetpack-related-posts":[],"_links":{"self":[{"href":"http:\/\/www.ced.org.tr\/index.php?rest_route=\/wp\/v2\/posts\/5193","targetHints":{"allow":["GET"]}}],"collection":[{"href":"http:\/\/www.ced.org.tr\/index.php?rest_route=\/wp\/v2\/posts"}],"about":[{"href":"http:\/\/www.ced.org.tr\/index.php?rest_route=\/wp\/v2\/types\/post"}],"author":[{"embeddable":true,"href":"http:\/\/www.ced.org.tr\/index.php?rest_route=\/wp\/v2\/users\/1"}],"replies":[{"embeddable":true,"href":"http:\/\/www.ced.org.tr\/index.php?rest_route=%2Fwp%2Fv2%2Fcomments&post=5193"}],"version-history":[{"count":1,"href":"http:\/\/www.ced.org.tr\/index.php?rest_route=\/wp\/v2\/posts\/5193\/revisions"}],"predecessor-version":[{"id":5195,"href":"http:\/\/www.ced.org.tr\/index.php?rest_route=\/wp\/v2\/posts\/5193\/revisions\/5195"}],"wp:featuredmedia":[{"embeddable":true,"href":"http:\/\/www.ced.org.tr\/index.php?rest_route=\/wp\/v2\/media\/5196"}],"wp:attachment":[{"href":"http:\/\/www.ced.org.tr\/index.php?rest_route=%2Fwp%2Fv2%2Fmedia&parent=5193"}],"wp:term":[{"taxonomy":"category","embeddable":true,"href":"http:\/\/www.ced.org.tr\/index.php?rest_route=%2Fwp%2Fv2%2Fcategories&post=5193"},{"taxonomy":"post_tag","embeddable":true,"href":"http:\/\/www.ced.org.tr\/index.php?rest_route=%2Fwp%2Fv2%2Ftags&post=5193"}],"curies":[{"name":"wp","href":"https:\/\/api.w.org\/{rel}","templated":true}]}}