{"id":5211,"date":"2016-03-21T12:07:45","date_gmt":"2016-03-21T10:07:45","guid":{"rendered":"http:\/\/www.ced.org.tr\/?p=5211"},"modified":"2016-03-21T12:07:45","modified_gmt":"2016-03-21T10:07:45","slug":"cagdas-eczacilar-dernegi-istanbul-subesi-7-olagan-genel-kurulu-gerceklestirildi","status":"publish","type":"post","link":"http:\/\/www.ced.org.tr\/?p=5211","title":{"rendered":"\u00c7a\u011fda\u015f Eczac\u0131lar Derne\u011fi \u0130stanbul \u015eubesi 7. Ola\u011fan Genel Kurulu ger\u00e7ekle\u015ftirildi"},"content":{"rendered":"<p>\u00c7a\u011fda\u015f Eczac\u0131lar Derne\u011fi \u0130stanbul \u015eubesi\u2019nin 7. Ola\u011fan Genel Kurulu 20 Mart 2016 Pazar g\u00fcn\u00fc Pangalt\u0131\u2019ndaki dernek merkezimizde ger\u00e7ekle\u015ftirildi. Yap\u0131lan se\u00e7im sonucunda se\u00e7ilen \u00c7ED \u0130stanbul y\u00f6netim kurulu ve g\u00f6rev da\u011f\u0131l\u0131m\u0131 \u015fu \u015fekilde oldu:<\/p>\n<p><strong>\u00c7ED \u0130stanbul \u015eube Y\u00f6netim Kurulu<\/strong><br \/>\nEcz. Erdal F\u0130L\u0130K (Ba\u015fkan)<br \/>\nEcz. \u015eeyma CANER (Genel Sekreter)<br \/>\nEcz. Mirsat \u015eAH\u0130N\u00a0(Sayman)<br \/>\nEcz. Sidar D\u0130KEN (\u00dcye)<br \/>\nEcz. Rojda ANIK\u00a0(\u00dcye)<br \/>\nEcz. Do\u011fan ARAS\u00a0(\u00dcye)<br \/>\nEcz. Mehtap PALACI\u00a0(\u00dcye)<\/p>\n","protected":false},"excerpt":{"rendered":"<p>\u00c7a\u011fda\u015f Eczac\u0131lar Derne\u011fi \u0130stanbul \u015eubesi\u2019nin 7. Ola\u011fan Genel Kurulu 20 Mart 2016 Pazar g\u00fcn\u00fc Pangalt\u0131\u2019ndaki dernek merkezimizde ger\u00e7ekle\u015ftirildi. Yap\u0131lan se\u00e7im&#46;&#46;&#46;<\/p>\n","protected":false},"author":1,"featured_media":0,"comment_status":"closed","ping_status":"closed","sticky":false,"template":"","format":"standard","meta":{"_jetpack_memberships_contains_paid_content":false,"footnotes":""},"categories":[1],"tags":[],"class_list":["post-5211","post","type-post","status-publish","format-standard","hentry","category-ced"],"aioseo_notices":[],"jetpack_featured_media_url":"","jetpack_sharing_enabled":true,"jetpack-related-posts":[],"_links":{"self":[{"href":"http:\/\/www.ced.org.tr\/index.php?rest_route=\/wp\/v2\/posts\/5211","targetHints":{"allow":["GET"]}}],"collection":[{"href":"http:\/\/www.ced.org.tr\/index.php?rest_route=\/wp\/v2\/posts"}],"about":[{"href":"http:\/\/www.ced.org.tr\/index.php?rest_route=\/wp\/v2\/types\/post"}],"author":[{"embeddable":true,"href":"http:\/\/www.ced.org.tr\/index.php?rest_route=\/wp\/v2\/users\/1"}],"replies":[{"embeddable":true,"href":"http:\/\/www.ced.org.tr\/index.php?rest_route=%2Fwp%2Fv2%2Fcomments&post=5211"}],"version-history":[{"count":1,"href":"http:\/\/www.ced.org.tr\/index.php?rest_route=\/wp\/v2\/posts\/5211\/revisions"}],"predecessor-version":[{"id":5213,"href":"http:\/\/www.ced.org.tr\/index.php?rest_route=\/wp\/v2\/posts\/5211\/revisions\/5213"}],"wp:attachment":[{"href":"http:\/\/www.ced.org.tr\/index.php?rest_route=%2Fwp%2Fv2%2Fmedia&parent=5211"}],"wp:term":[{"taxonomy":"category","embeddable":true,"href":"http:\/\/www.ced.org.tr\/index.php?rest_route=%2Fwp%2Fv2%2Fcategories&post=5211"},{"taxonomy":"post_tag","embeddable":true,"href":"http:\/\/www.ced.org.tr\/index.php?rest_route=%2Fwp%2Fv2%2Ftags&post=5211"}],"curies":[{"name":"wp","href":"https:\/\/api.w.org\/{rel}","templated":true}]}}