{"id":5232,"date":"2016-03-26T11:26:01","date_gmt":"2016-03-26T09:26:01","guid":{"rendered":"http:\/\/www.ced.org.tr\/?p=5232"},"modified":"2016-03-26T11:38:47","modified_gmt":"2016-03-26T09:38:47","slug":"tubitaktan-kansere-karsi-dua-projesi","status":"publish","type":"post","link":"http:\/\/www.ced.org.tr\/?p=5232","title":{"rendered":"T\u00fcbitak&#8217;tan &#8220;Kansere Kar\u015f\u0131 Dua&#8221; Projesi!"},"content":{"rendered":"<p>23.03.2016 \u00c7ar\u015famba 16:37<br \/>\nHaber:\u00a0Cnnturk.com 03.03.2016<\/p>\n<p><a href=\"http:\/\/www.ced.org.tr\/wp-content\/uploads\/2016\/03\/t\u00fcbitak_logo.jpg\"><img loading=\"lazy\" decoding=\"async\" class=\"size-full wp-image-5233\" src=\"http:\/\/www.ced.org.tr\/wp-content\/uploads\/2016\/03\/t\u00fcbitak_logo.jpg\" alt=\"dua projesi\" width=\"440\" height=\"299\" \/><\/a><\/p>\n<h2><\/h2>\n<div class=\"news-body clearfix\">\n<div class=\"pull-left\">\n<div class=\"banner-wrapper\"><strong>T\u00dcB\u0130TAK taraf\u0131ndan orta\u00f6\u011fretim \u00f6\u011frencileri aras\u0131nda<\/strong><strong>d\u00fczenlenen\u00a0\u201cAra\u015ft\u0131rma Projeleri Yar\u0131\u015fmas\u0131\u201dnda kendi b\u00f6lgelerinde yar\u0131\u015facak projeler belirlendi. B\u00f6lge elemeleri anlam\u0131na da gelen b\u00f6lge sergisine davet edilen projeler aras\u0131nda yer alan \u201cKanser Hastal\u0131\u011f\u0131n\u0131 Yenmede Dini \u0130nanc\u0131n, Duan\u0131n ve Olumlu D\u00fc\u015f\u00fcnmenin Etkisi \u00dczerine Bir Ara\u015ft\u0131rma\u201d ba\u015fl\u0131kl\u0131 \u00e7al\u0131\u015fma dikkat \u00e7ekti.<\/strong><\/div>\n<\/div>\n<div class=\"banner-wrapper\"><\/div>\n<div class=\"pull-left\">\n<div class=\"banner-wrapper\">T\u00dcB\u0130TAK Bilim \u0130nsan\u0131 Destekleme Daire Ba\u015fkanl\u0131\u011f\u0131\u2019n\u0131n bu y\u0131l 47\u2019ncisini d\u00fczenledi\u011fi \u201cOrta\u00f6\u011fretim \u00d6\u011frencileri Ara\u015ft\u0131rma Projeleri Yar\u0131\u015fmas\u0131\u201dnda b\u00fcy\u00fck finale yakla\u015f\u0131ld\u0131. \u00d6n elemeyi ge\u00e7erek kendi b\u00f6lgelerinde yar\u0131\u015fmaya hak kazanan \u00f6\u011frencilerin ve projelerin listesi T\u00dcB\u0130TAK\u2019\u0131n resmi internet sitesinde yay\u0131nland\u0131.<\/div>\n<\/div>\n<p>O projeler aras\u0131nda en dikkat \u00e7eken ise Giresun \u015eebinkarahisar Anadolu \u0130mam Hatip Lisesi \u00f6\u011frencilerinin haz\u0131rlad\u0131\u011f\u0131 \u201cKanser Hastal\u0131\u011f\u0131n\u0131 Yenmede Dini \u0130nanc\u0131n, Duan\u0131n ve Olumlu D\u00fc\u015f\u00fcnmenin Etkisi \u00dczerine Bir Ara\u015ft\u0131rma\u201d ba\u015fl\u0131kl\u0131 \u00e7al\u0131\u015fma.<\/p>\n<p>Psikoloji dal\u0131nda yar\u0131\u015fmaya dahil olan proje, Karadeniz B\u00f6lgesi illerinden gelen 100 \u00e7al\u0131\u015fmayla birlikte b\u00f6lge sergisinde yar\u0131\u015facak. \u00d6\u011frenciler bu a\u015famay\u0131 ge\u00e7erlerse, b\u00fcy\u00fck final i\u00e7in ter d\u00f6kecekler.<\/p>\n<p>T\u00dcB\u0130TAK s\u00f6z konusu geleneksel yar\u0131\u015fmay\u0131, lise \u00f6\u011frencilerini bilimsel alanlarda \u00e7al\u0131\u015fmaya\u00a0te\u015fvik etmek amac\u0131yla d\u00fczenliyor. Yar\u0131\u015fmaya\u00a0bilgisayar, biyoloji, co\u011frafya, de\u011ferler e\u011fitimi, fizik, kimya, matematik, psikoloji, sosyoloji, T\u00fcrk dili ve edebiyat\u0131, teknolojik tasar\u0131m ve tarih alanlar\u0131nda ba\u015fvuru kabul ediliyor.<\/p>\n<\/div>\n","protected":false},"excerpt":{"rendered":"<p>23.03.2016 \u00c7ar\u015famba 16:37 Haber:\u00a0Cnnturk.com 03.03.2016 T\u00dcB\u0130TAK taraf\u0131ndan orta\u00f6\u011fretim \u00f6\u011frencileri aras\u0131ndad\u00fczenlenen\u00a0\u201cAra\u015ft\u0131rma Projeleri Yar\u0131\u015fmas\u0131\u201dnda kendi b\u00f6lgelerinde yar\u0131\u015facak projeler belirlendi. B\u00f6lge elemeleri anlam\u0131na&#46;&#46;&#46;<\/p>\n","protected":false},"author":22,"featured_media":0,"comment_status":"closed","ping_status":"closed","sticky":false,"template":"","format":"standard","meta":{"_jetpack_memberships_contains_paid_content":false,"footnotes":""},"categories":[1],"tags":[],"class_list":["post-5232","post","type-post","status-publish","format-standard","hentry","category-ced"],"aioseo_notices":[],"jetpack_featured_media_url":"","jetpack_sharing_enabled":true,"jetpack-related-posts":[],"_links":{"self":[{"href":"http:\/\/www.ced.org.tr\/index.php?rest_route=\/wp\/v2\/posts\/5232","targetHints":{"allow":["GET"]}}],"collection":[{"href":"http:\/\/www.ced.org.tr\/index.php?rest_route=\/wp\/v2\/posts"}],"about":[{"href":"http:\/\/www.ced.org.tr\/index.php?rest_route=\/wp\/v2\/types\/post"}],"author":[{"embeddable":true,"href":"http:\/\/www.ced.org.tr\/index.php?rest_route=\/wp\/v2\/users\/22"}],"replies":[{"embeddable":true,"href":"http:\/\/www.ced.org.tr\/index.php?rest_route=%2Fwp%2Fv2%2Fcomments&post=5232"}],"version-history":[{"count":14,"href":"http:\/\/www.ced.org.tr\/index.php?rest_route=\/wp\/v2\/posts\/5232\/revisions"}],"predecessor-version":[{"id":5247,"href":"http:\/\/www.ced.org.tr\/index.php?rest_route=\/wp\/v2\/posts\/5232\/revisions\/5247"}],"wp:attachment":[{"href":"http:\/\/www.ced.org.tr\/index.php?rest_route=%2Fwp%2Fv2%2Fmedia&parent=5232"}],"wp:term":[{"taxonomy":"category","embeddable":true,"href":"http:\/\/www.ced.org.tr\/index.php?rest_route=%2Fwp%2Fv2%2Fcategories&post=5232"},{"taxonomy":"post_tag","embeddable":true,"href":"http:\/\/www.ced.org.tr\/index.php?rest_route=%2Fwp%2Fv2%2Ftags&post=5232"}],"curies":[{"name":"wp","href":"https:\/\/api.w.org\/{rel}","templated":true}]}}