{"id":5259,"date":"2016-03-29T18:32:34","date_gmt":"2016-03-29T15:32:34","guid":{"rendered":"http:\/\/www.ced.org.tr\/?p=5259"},"modified":"2016-03-29T18:32:34","modified_gmt":"2016-03-29T15:32:34","slug":"yonetici-olmak-idareci-olmak","status":"publish","type":"post","link":"http:\/\/www.ced.org.tr\/?p=5259","title":{"rendered":"Y\u00f6netici Olmak, \u0130dareci Olmak?"},"content":{"rendered":"<p>18.03.2016 tarihinde TEB Y\u00f6netim ve Denetleme Kurullar\u0131 alm\u0131\u015f olduklar\u0131 bir kararla Osmanbey\u2019deki kat\u0131n \u0130stanbul Eczac\u0131 Odas\u0131\u2019na devri konusunda karar alm\u0131\u015f.<\/p>\n<p>Peki nas\u0131l olmu\u015f da bug\u00fcne kadar TEB Merkez Heyetleri taraf\u0131ndan varl\u0131\u011f\u0131 reddedilen \u201c\u00e7ok arad\u0131k, bulamad\u0131k\u201d denen \u00f6deme bilgileri bu d\u00f6nem bulunabilmi\u015f? Ge\u00e7en d\u00f6nem \u0130stanbul Eczac\u0131 Odas\u0131 Y\u00f6netim Kurulu, s\u00f6z\u00fc edilen (TEB taraf\u0131ndan 1985 y\u0131l\u0131nda \u0130EO&#8217;ya sat\u0131\u015f\u0131 yap\u0131lan \u0130EO&#8217;nun o d\u00f6nem karar defterlerinde \u00f6deme kararlar\u0131n\u0131n ve \u00e7ek tarih ve numaralar\u0131n\u0131n yer ald\u0131\u011f\u0131) kat\u0131n TEB taraf\u0131ndan sat\u0131lmak amac\u0131yla fiyat ara\u015ft\u0131rmas\u0131na girildi\u011fini \u00f6\u011frenmi\u015f ve bu yasal olmayan giri\u015fimi dava a\u00e7arak durdurmu\u015ftur.<\/p>\n<p>\u0130EO&#8217;nun kendisine ait kat\u0131n yine kendisine devredilmesi bir \u00e7e\u015fit e\u015fe\u011fi \u00f6nce kaybettirip sonra buldurma durumu yaratt\u0131 duygu olarak eldeki de\u011fi\u015fmese de&#8230;<\/p>\n<p>Elbette evraklar\u0131n bulunmas\u0131nda(!) TEB sayman\u0131 Ecz. \u0130brahim \u00d6ZKOL arkada\u015f\u0131m\u0131z\u0131n \u00e7abas\u0131n\u0131n fark\u0131nday\u0131z ve te\u015fekk\u00fcr ediyoruz.<\/p>\n<p>Ancak 1985 y\u0131l\u0131nda \u0130EO\u2019ya TEB taraf\u0131ndan sat\u0131lm\u0131\u015f olan kat\u0131n \u00f6deme bilgilerine uzun y\u0131llard\u0131r ula\u015famayan, bulamayan (nerdeyse bir\u00e7ok oda delegesinin g\u00f6rev ald\u0131\u011f\u0131) TEB y\u00f6neticileri i\u00e7in s\u00f6ylenmesi gereken hi\u00e7 bir\u015fey yok mu?<\/p>\n<p>\u00d6rne\u011fin; ge\u00e7en y\u0131l\u0131n TEB Merkez Heyeti Ba\u015fkan\u0131 Say\u0131n Erdo\u011fan \u00c7OLAK, 2. Ba\u015fkan\u0131 Say\u0131n Arman \u00dcNEY, genel sekreteri Say\u0131n Harun KIZILAY, hele g\u00f6reve ba\u015flad\u0131\u011f\u0131 g\u00fcnden itibaren ne kadar titiz, tarafs\u0131z,\u00a0 anlay\u0131\u015fl\u0131 oldu\u011funu belirtmekten geri durmayan Say\u0131n Sayman \u0130smail BA\u015eD\u0130L.<\/p>\n<p>Sormak isterim ger\u00e7ekten. Sizlere sunulan bilgi ve belgelerin kar\u015f\u0131l\u0131\u011f\u0131n\u0131 kay\u0131tlar\u0131n\u0131zda bulamayacak kadar beceriksiz miydiniz, yoksa varl\u0131\u011f\u0131n\u0131 reddetti\u011finiz belgeler sizin i\u00e7in sadece pazarl\u0131k de\u011feri olan evraklar m\u0131yd\u0131?<\/p>\n<p>Peki t\u00fcm bu ve di\u011fer konular\u0131, sorunlar\u0131 ge\u00e7mi\u015f d\u00f6nem \u0130EO y\u00f6neticilerini yormak y\u0131pratmak amac\u0131yla m\u0131 uzatt\u0131n\u0131z da uzatt\u0131n\u0131z, kar\u015f\u0131l\u0131kl\u0131 davalar a\u00e7\u0131lmas\u0131na neden oldunuz?<\/p>\n<p>Yine sormak isterim, sizin y\u00f6neticilik anlay\u0131\u015f\u0131n\u0131z bu mu?<\/p>\n<p>\u00c7\u00fcnk\u00fc bu bence y\u00f6neticilik anlay\u0131\u015f\u0131 de\u011fil \u201cidarecilik\u201d anlay\u0131\u015f\u0131.<\/p>\n<p>Sadece idare etmek, ge\u00e7i\u015ftirmek anlam\u0131nda&#8230;<\/p>\n<p>Son olarak TEB Merkez Heyeti bu konudaki a\u00e7\u0131klamalar\u0131 \u0130stanbul eczac\u0131lar\u0131na yapmakla y\u00fck\u00fcml\u00fcd\u00fcr.<br \/>\nEcz. Levent \u015eadi ALEMDAR<\/p>\n<p>&nbsp;<\/p>\n<p>&nbsp;<\/p>\n","protected":false},"excerpt":{"rendered":"<p>18.03.2016 tarihinde TEB Y\u00f6netim ve Denetleme Kurullar\u0131 alm\u0131\u015f olduklar\u0131 bir kararla Osmanbey\u2019deki kat\u0131n \u0130stanbul Eczac\u0131 Odas\u0131\u2019na devri konusunda karar alm\u0131\u015f.&#46;&#46;&#46;<\/p>\n","protected":false},"author":1,"featured_media":0,"comment_status":"closed","ping_status":"closed","sticky":false,"template":"","format":"standard","meta":{"_jetpack_memberships_contains_paid_content":false,"footnotes":""},"categories":[69],"tags":[],"class_list":["post-5259","post","type-post","status-publish","format-standard","hentry","category-ecz-levent-sadi-alemdar"],"aioseo_notices":[],"jetpack_featured_media_url":"","jetpack_sharing_enabled":true,"jetpack-related-posts":[],"_links":{"self":[{"href":"http:\/\/www.ced.org.tr\/index.php?rest_route=\/wp\/v2\/posts\/5259","targetHints":{"allow":["GET"]}}],"collection":[{"href":"http:\/\/www.ced.org.tr\/index.php?rest_route=\/wp\/v2\/posts"}],"about":[{"href":"http:\/\/www.ced.org.tr\/index.php?rest_route=\/wp\/v2\/types\/post"}],"author":[{"embeddable":true,"href":"http:\/\/www.ced.org.tr\/index.php?rest_route=\/wp\/v2\/users\/1"}],"replies":[{"embeddable":true,"href":"http:\/\/www.ced.org.tr\/index.php?rest_route=%2Fwp%2Fv2%2Fcomments&post=5259"}],"version-history":[{"count":1,"href":"http:\/\/www.ced.org.tr\/index.php?rest_route=\/wp\/v2\/posts\/5259\/revisions"}],"predecessor-version":[{"id":5260,"href":"http:\/\/www.ced.org.tr\/index.php?rest_route=\/wp\/v2\/posts\/5259\/revisions\/5260"}],"wp:attachment":[{"href":"http:\/\/www.ced.org.tr\/index.php?rest_route=%2Fwp%2Fv2%2Fmedia&parent=5259"}],"wp:term":[{"taxonomy":"category","embeddable":true,"href":"http:\/\/www.ced.org.tr\/index.php?rest_route=%2Fwp%2Fv2%2Fcategories&post=5259"},{"taxonomy":"post_tag","embeddable":true,"href":"http:\/\/www.ced.org.tr\/index.php?rest_route=%2Fwp%2Fv2%2Ftags&post=5259"}],"curies":[{"name":"wp","href":"https:\/\/api.w.org\/{rel}","templated":true}]}}