{"id":5273,"date":"2016-04-22T13:38:43","date_gmt":"2016-04-22T10:38:43","guid":{"rendered":"http:\/\/www.ced.org.tr\/?p=5273"},"modified":"2016-04-22T16:20:45","modified_gmt":"2016-04-22T13:20:45","slug":"birgun-gazetesinin-tipta-da-gericiligi-elden-birakmadilar-haberi","status":"publish","type":"post","link":"http:\/\/www.ced.org.tr\/?p=5273","title":{"rendered":"Birg\u00fcn Gazetesi&#8217;nin T\u0131pta da gericili\u011fi elden b\u0131rakmad\u0131lar Haberi"},"content":{"rendered":"<p><strong><a href=\"http:\/\/www.ced.org.tr\/wp-content\/uploads\/2016\/04\/tipta-da-gericiligi-elden-birakmadilar-130159-5.jpg\"><img loading=\"lazy\" decoding=\"async\" class=\"aligncenter size-full wp-image-5274\" src=\"http:\/\/www.ced.org.tr\/wp-content\/uploads\/2016\/04\/tipta-da-gericiligi-elden-birakmadilar-130159-5.jpg\" alt=\"tipta-da-gericiligi-elden-birakmadilar-130159-5\" width=\"620\" height=\"360\" srcset=\"http:\/\/www.ced.org.tr\/wp-content\/uploads\/2016\/04\/tipta-da-gericiligi-elden-birakmadilar-130159-5.jpg 620w, http:\/\/www.ced.org.tr\/wp-content\/uploads\/2016\/04\/tipta-da-gericiligi-elden-birakmadilar-130159-5-300x174.jpg 300w\" sizes=\"auto, (max-width: 620px) 100vw, 620px\" \/><\/a>H\u00dcSEY\u0130N \u015e\u0130M\u015eEK<br \/>\nhuseyinsimsek@birgun.net<\/strong><\/p>\n<p>AKP iktidarlar\u0131n\u0131n be\u015f bin y\u0131l \u00f6nce uygulanan ve v\u00fccut kesilerek kan ak\u0131t\u0131lmas\u0131 yoluyla yap\u0131lan \u2018\u2019Hacamat\u2019\u2019a d\u00f6n\u00fc\u015f planlar\u0131n\u0131n ard\u0131ndan Hadis-Der de toplu hacamat etkinli\u011fi d\u00fczenlemeye haz\u0131rlan\u0131yor. 2011 y\u0131l\u0131nda Tayyip Erdo\u011fan\u2019\u0131n e\u015fi Emine Erdo\u011fan taraf\u0131ndan da \u00f6nerilen, ertesi y\u0131l Emine Erdo\u011fan ile Ba\u015fbakan Davuto\u011flu\u2019nun e\u015fi Sare Davuto\u011flu\u2019nun da kat\u0131ld\u0131\u011f\u0131 organizasyonla duyurulan \u2018\u2019Hacamat\u2019\u2019a doktorlar kar\u015f\u0131 \u00e7\u0131k\u0131yor.<\/p>\n<p><strong>Belirli g\u00fcnlerde\u00a0\u015fifa sa\u00e7\u0131yormu\u015f<\/strong><\/p>\n<p>Derinin bir ne\u015fter yard\u0131m\u0131yla \u00e7izilip a\u011fz\u0131 geni\u015f bir bardak, kavanoz veya \u015fi\u015fe ile olu\u015fturulan emme g\u00fcc\u00fcyle kan\u0131n ak\u0131t\u0131lmas\u0131 ya da kabart\u0131lan b\u00f6lgenin k\u00fc\u00e7\u00fck kesikler a\u00e7acak bir makine ile kesilmesi y\u00f6ntemiyle yap\u0131lan hacamat i\u00e7in Hadis Der Suriye s\u0131n\u0131r\u0131ndaki illerin yerel gazetelerine ilanlar verdi.<\/p>\n<p>\u0130lanlarda modern t\u0131bb\u0131n kar\u015f\u0131 \u00e7\u0131kt\u0131\u011f\u0131 hacamat\u0131n \u2018\u2019\u015fifa sa\u00e7t\u0131\u011f\u0131\u2019\u2019 \u00f6ne s\u00fcr\u00fcl\u00fcrken, art\u0131k kullan\u0131lmayan \u201cKameri\u201d takvime g\u00f6re hacamat\u0131n ay\u0131n 15\u2019inde 17\u2019sinde, 19\u2019unda ve 21\u2019inde yap\u0131lmas\u0131 gerekti\u011fi ifade edildi.<\/p>\n<p>Toplu hacamat organizasyonu i\u00e7in \u00e7a\u011fr\u0131 yap\u0131lan afi\u015fte de hadislere yer verildi. Afi\u015flerde, \u201cCabir bin Abdullah ba\u015f\u0131 bir bezle \u00f6rt\u00fclm\u00fc\u015f olarak geldi ve \u015f\u00f6yle dedi: Hacamat yapt\u0131rmadan buradan ayr\u0131lmam! \u00c7\u00fcnk\u00fc Rasulullah\u2019tan i\u015fittim, \u015f\u00f6yle buyurdu: Hacamatta \u015fifa vard\u0131r\u201d denildi.<\/p>\n<p><strong>\u00dc\u00e7 kafaya \u00fc\u00e7 s\u0131rta<\/strong><\/p>\n<p>BirG\u00fcn\u2019e organizasyonun detaylar\u0131n\u0131 anlatan Hadis-Der yetkilisi, 25-27-29 Nisan tarihlerinde Antep\u2019te yap\u0131lacak Hacamat organizasyonunun \u2018\u2019s\u00fcnnet\u2019\u2019 oldu\u011fu i\u00e7in kafan\u0131n \u00fc\u00e7 taraf\u0131na s\u0131rt\u0131n \u00fc\u00e7 taraf\u0131na yap\u0131laca\u011f\u0131n\u0131, ki\u015fi ba\u015f\u0131 k\u0131rk lira \u00fccret al\u0131naca\u011f\u0131n\u0131 anlatt\u0131. Organizasyon yetkilisi ayr\u0131ca bu b\u00f6lgeler d\u0131\u015f\u0131nda istenirse v\u00fccudun di\u011fer b\u00f6l\u00fcmlerine de hacamat yap\u0131labilece\u011fini s\u00f6yledi.<\/p>\n<p><strong>\u2018\u2019\u0130tibar etmeyin\u2019\u2019<\/strong><\/p>\n<p>2012 y\u0131l\u0131nda \u0130stanbul\u2019da Emine Erdo\u011fan ve Sare Davuto\u011flu\u2019nun giri\u015fimleri ile yap\u0131lan hacamat etkinli\u011fi hakk\u0131nda a\u00e7\u0131klamalarda bulunan \u0130stanbul Tabip Odas\u0131, bu i\u015flemin hi\u00e7bir bilimsel dayana\u011f\u0131 bulunmayan, faydas\u0131z ve kimi zaman zararl\u0131 bir model oldu\u011fu i\u00e7in y\u00fcz y\u0131l \u00f6nce terk edildi\u011fini ifade etti. \u0130stanbul Tabip Odas\u0131\u2019n\u0131n yapt\u0131\u011f\u0131 a\u00e7\u0131klamada hacamat hakk\u0131nda \u015f\u00f6yle denildi:<\/p>\n<p>\u201cT\u0131p taraf\u0131ndan terk edilmi\u015f bir tak\u0131m uygulamalar\u0131n, her derde deva denilerek yeniden canland\u0131r\u0131lmaya hatta dayat\u0131lmaya \u00e7al\u0131\u015f\u0131lmas\u0131, halk\u0131n akl\u0131na, sa\u011fl\u0131\u011f\u0131na ve t\u0131bb\u0131n bilimsel niteli\u011fine y\u00f6nelik bir sald\u0131r\u0131d\u0131r. Halk\u0131n sa\u011fl\u0131\u011f\u0131 ile oynamak pahas\u0131na, alternatif t\u0131p ad\u0131 alt\u0131nda pazarlanmaya \u00e7al\u0131\u015f\u0131lan \u00e7a\u011fd\u0131\u015f\u0131 uygulamalarla bir yandan sa\u011fl\u0131k alan\u0131n\u0131 bilimsellikten kopartarak dinselle\u015ftirmenin, di\u011fer yandan da cepleri doldurman\u0131n hedeflendi\u011fi a\u00e7\u0131kt\u0131r. T\u0131p her ge\u00e7en g\u00fcn yeni bilimsel \u00e7al\u0131\u015fma ve bulu\u015flarla h\u0131zla ilerlerken, geleneksel t\u0131p ad\u0131 alt\u0131nda bilimd\u0131\u015f\u0131, s\u00f6zde tedavi edici uygulamalar\u0131n me\u015frula\u015ft\u0131r\u0131lmas\u0131 giri\u015fimleri ayn\u0131 zamanda iktidar\u0131n sa\u011fl\u0131k emek\u00e7ilerini ve halk\u0131n cebini \u201chacamat\u201d eden Sa\u011fl\u0131kta D\u00f6n\u00fc\u015f\u00fcm Program\u0131\u2019ndan g\u00fc\u00e7 almaktad\u0131r. \u0130stanbul Tabip Odas\u0131 olarak sa\u011fl\u0131k alan\u0131ndaki t\u00fcm bilimd\u0131\u015f\u0131 uygulamalara, bunlar\u0131n me\u015fru g\u00f6sterilip desteklenmesine kar\u015f\u0131 durdu\u011fumuzu ve t\u0131p mesle\u011finin bilimsel niteli\u011fini kararl\u0131l\u0131kla savunaca\u011f\u0131m\u0131z\u0131 bildirir, halk\u0131m\u0131z\u0131 \u00e7a\u011fd\u0131\u015f\u0131, gerici sa\u011fl\u0131k uygulamalar\u0131na itibar etmemeye \u00e7a\u011f\u0131r\u0131r\u0131z.\u201d<a href=\"http:\/\/www.ced.org.tr\/wp-content\/uploads\/2016\/04\/tipta-da-gericiligi-elden-birakmadilar-130158-1.jpg\"><img loading=\"lazy\" decoding=\"async\" class=\"aligncenter size-full wp-image-5276\" src=\"http:\/\/www.ced.org.tr\/wp-content\/uploads\/2016\/04\/tipta-da-gericiligi-elden-birakmadilar-130158-1.jpg\" alt=\"tipta-da-gericiligi-elden-birakmadilar-130158-1\" width=\"400\" height=\"566\" srcset=\"http:\/\/www.ced.org.tr\/wp-content\/uploads\/2016\/04\/tipta-da-gericiligi-elden-birakmadilar-130158-1.jpg 400w, http:\/\/www.ced.org.tr\/wp-content\/uploads\/2016\/04\/tipta-da-gericiligi-elden-birakmadilar-130158-1-212x300.jpg 212w\" sizes=\"auto, (max-width: 400px) 100vw, 400px\" \/><\/a><\/p>\n","protected":false},"excerpt":{"rendered":"<p>H\u00dcSEY\u0130N \u015e\u0130M\u015eEK huseyinsimsek@birgun.net AKP iktidarlar\u0131n\u0131n be\u015f bin y\u0131l \u00f6nce uygulanan ve v\u00fccut kesilerek kan ak\u0131t\u0131lmas\u0131 yoluyla yap\u0131lan \u2018\u2019Hacamat\u2019\u2019a d\u00f6n\u00fc\u015f planlar\u0131n\u0131n&#46;&#46;&#46;<\/p>\n","protected":false},"author":1,"featured_media":5274,"comment_status":"closed","ping_status":"closed","sticky":false,"template":"","format":"standard","meta":{"_jetpack_memberships_contains_paid_content":false,"footnotes":""},"categories":[1,62],"tags":[],"class_list":["post-5273","post","type-post","status-publish","format-standard","has-post-thumbnail","hentry","category-ced","category-sagliktan-haberler"],"aioseo_notices":[],"jetpack_featured_media_url":"http:\/\/www.ced.org.tr\/wp-content\/uploads\/2016\/04\/tipta-da-gericiligi-elden-birakmadilar-130159-5.jpg","jetpack_sharing_enabled":true,"jetpack-related-posts":[],"_links":{"self":[{"href":"http:\/\/www.ced.org.tr\/index.php?rest_route=\/wp\/v2\/posts\/5273","targetHints":{"allow":["GET"]}}],"collection":[{"href":"http:\/\/www.ced.org.tr\/index.php?rest_route=\/wp\/v2\/posts"}],"about":[{"href":"http:\/\/www.ced.org.tr\/index.php?rest_route=\/wp\/v2\/types\/post"}],"author":[{"embeddable":true,"href":"http:\/\/www.ced.org.tr\/index.php?rest_route=\/wp\/v2\/users\/1"}],"replies":[{"embeddable":true,"href":"http:\/\/www.ced.org.tr\/index.php?rest_route=%2Fwp%2Fv2%2Fcomments&post=5273"}],"version-history":[{"count":3,"href":"http:\/\/www.ced.org.tr\/index.php?rest_route=\/wp\/v2\/posts\/5273\/revisions"}],"predecessor-version":[{"id":5278,"href":"http:\/\/www.ced.org.tr\/index.php?rest_route=\/wp\/v2\/posts\/5273\/revisions\/5278"}],"wp:featuredmedia":[{"embeddable":true,"href":"http:\/\/www.ced.org.tr\/index.php?rest_route=\/wp\/v2\/media\/5274"}],"wp:attachment":[{"href":"http:\/\/www.ced.org.tr\/index.php?rest_route=%2Fwp%2Fv2%2Fmedia&parent=5273"}],"wp:term":[{"taxonomy":"category","embeddable":true,"href":"http:\/\/www.ced.org.tr\/index.php?rest_route=%2Fwp%2Fv2%2Fcategories&post=5273"},{"taxonomy":"post_tag","embeddable":true,"href":"http:\/\/www.ced.org.tr\/index.php?rest_route=%2Fwp%2Fv2%2Ftags&post=5273"}],"curies":[{"name":"wp","href":"https:\/\/api.w.org\/{rel}","templated":true}]}}