{"id":5300,"date":"2016-09-03T21:54:04","date_gmt":"2016-09-03T18:54:04","guid":{"rendered":"http:\/\/www.ced.org.tr\/?p=5300"},"modified":"2016-09-03T22:28:21","modified_gmt":"2016-09-03T19:28:21","slug":"vefat","status":"publish","type":"post","link":"http:\/\/www.ced.org.tr\/?p=5300","title":{"rendered":"VEFAT"},"content":{"rendered":"<div id=\"attachment_5301\" style=\"width: 213px\" class=\"wp-caption aligncenter\"><img loading=\"lazy\" decoding=\"async\" aria-describedby=\"caption-attachment-5301\" class=\"wp-image-5301 size-medium\" src=\"http:\/\/www.ced.org.tr\/wp-content\/uploads\/2016\/09\/Temel_Akkan-203x300.jpg\" alt=\"Temel_Akkan\" width=\"203\" height=\"300\" srcset=\"http:\/\/www.ced.org.tr\/wp-content\/uploads\/2016\/09\/Temel_Akkan-203x300.jpg 203w, http:\/\/www.ced.org.tr\/wp-content\/uploads\/2016\/09\/Temel_Akkan-768x1132.jpg 768w, http:\/\/www.ced.org.tr\/wp-content\/uploads\/2016\/09\/Temel_Akkan-695x1024.jpg 695w, http:\/\/www.ced.org.tr\/wp-content\/uploads\/2016\/09\/Temel_Akkan.jpg 837w\" sizes=\"auto, (max-width: 203px) 100vw, 203px\" \/><p id=\"caption-attachment-5301\" class=\"wp-caption-text\">Ecz.Temel Akkan (1959-2016)<\/p><\/div>\n<p style=\"text-align: left;\"><a href=\"http:\/\/www.ced.org.tr\/\">\u00c7a\u011fda\u015f Eczac\u0131lar Derne\u011fi<\/a> ve \u00c7a\u011fda\u015f Eczac\u0131lar Grubunun de\u011ferli bir \u00fcyesi, \u00e7al\u0131\u015fma arkada\u015f\u0131m\u0131z, Oda&#8217;m\u0131z\u0131n ve Kooperatifimizin \u00e7e\u015fitli organlar\u0131nda g\u00f6rev alm\u0131\u015f, <a href=\"https:\/\/www.facebook.com\/temel.akkan.14\">Ecz. Temel Akkan<\/a>&#8216;\u0131 elim bir \u015fekilde kaybettik. Ac\u0131m\u0131z sonsuz.<br \/>\nAilesinin, Sevenlerinin ve Camiam\u0131z\u0131n ba\u015f\u0131 sa\u011folsun.<\/p>\n","protected":false},"excerpt":{"rendered":"<p>\u00c7a\u011fda\u015f Eczac\u0131lar Derne\u011fi ve \u00c7a\u011fda\u015f Eczac\u0131lar Grubunun de\u011ferli bir \u00fcyesi, \u00e7al\u0131\u015fma arkada\u015f\u0131m\u0131z, Oda&#8217;m\u0131z\u0131n ve Kooperatifimizin \u00e7e\u015fitli organlar\u0131nda g\u00f6rev alm\u0131\u015f, Ecz.&#46;&#46;&#46;<\/p>\n","protected":false},"author":1,"featured_media":5301,"comment_status":"closed","ping_status":"closed","sticky":false,"template":"","format":"status","meta":{"_jetpack_memberships_contains_paid_content":false,"footnotes":""},"categories":[1],"tags":[70],"class_list":["post-5300","post","type-post","status-publish","format-status","has-post-thumbnail","hentry","category-ced","tag-temel-akkan","post_format-post-format-status"],"aioseo_notices":[],"jetpack_featured_media_url":"http:\/\/www.ced.org.tr\/wp-content\/uploads\/2016\/09\/Temel_Akkan.jpg","jetpack_sharing_enabled":true,"jetpack-related-posts":[],"_links":{"self":[{"href":"http:\/\/www.ced.org.tr\/index.php?rest_route=\/wp\/v2\/posts\/5300","targetHints":{"allow":["GET"]}}],"collection":[{"href":"http:\/\/www.ced.org.tr\/index.php?rest_route=\/wp\/v2\/posts"}],"about":[{"href":"http:\/\/www.ced.org.tr\/index.php?rest_route=\/wp\/v2\/types\/post"}],"author":[{"embeddable":true,"href":"http:\/\/www.ced.org.tr\/index.php?rest_route=\/wp\/v2\/users\/1"}],"replies":[{"embeddable":true,"href":"http:\/\/www.ced.org.tr\/index.php?rest_route=%2Fwp%2Fv2%2Fcomments&post=5300"}],"version-history":[{"count":4,"href":"http:\/\/www.ced.org.tr\/index.php?rest_route=\/wp\/v2\/posts\/5300\/revisions"}],"predecessor-version":[{"id":5305,"href":"http:\/\/www.ced.org.tr\/index.php?rest_route=\/wp\/v2\/posts\/5300\/revisions\/5305"}],"wp:featuredmedia":[{"embeddable":true,"href":"http:\/\/www.ced.org.tr\/index.php?rest_route=\/wp\/v2\/media\/5301"}],"wp:attachment":[{"href":"http:\/\/www.ced.org.tr\/index.php?rest_route=%2Fwp%2Fv2%2Fmedia&parent=5300"}],"wp:term":[{"taxonomy":"category","embeddable":true,"href":"http:\/\/www.ced.org.tr\/index.php?rest_route=%2Fwp%2Fv2%2Fcategories&post=5300"},{"taxonomy":"post_tag","embeddable":true,"href":"http:\/\/www.ced.org.tr\/index.php?rest_route=%2Fwp%2Fv2%2Ftags&post=5300"}],"curies":[{"name":"wp","href":"https:\/\/api.w.org\/{rel}","templated":true}]}}