{"id":5306,"date":"2016-09-10T15:35:47","date_gmt":"2016-09-10T12:35:47","guid":{"rendered":"http:\/\/www.ced.org.tr\/?p=5306"},"modified":"2018-08-06T17:01:41","modified_gmt":"2018-08-06T14:01:41","slug":"eczaci-kamuoyuna-4","status":"publish","type":"post","link":"http:\/\/www.ced.org.tr\/?p=5306","title":{"rendered":"ECZACI KAMUOYUNA"},"content":{"rendered":"<p>ECZACI KAMUOYUNA<\/p>\n<p>Demokrasiyi ve demokratik kurumlar\u0131 hedef alan 15 Temmuz darbe giri\u015fimi halk\u0131n, siyasal partilerin ve sivil toplum \u00f6rg\u00fctlerinin ortak demokratik refleksiyle geri p\u00fcsk\u00fcrt\u00fcld\u00fc ve darbeciler yenildiler. Darbe giri\u015fimi sonras\u0131 darbe kar\u015f\u0131t\u0131 t\u00fcm duyarl\u0131 \u00e7evreler ve demokrasi g\u00fc\u00e7leri yapt\u0131klar\u0131 a\u00e7\u0131klamalarla darbe kar\u015f\u0131s\u0131ndaki tutumlar\u0131n\u0131 netle\u015ftirmeye ba\u015flad\u0131lar. Bizler de <a href=\"http:\/\/www.istanbulcagdaseczacilarplatformu.org\">\u00c7a\u011fda\u015f Eczac\u0131lar Platformu<\/a> olarak yay\u0131nlad\u0131\u011f\u0131m\u0131z bir bildiri ile darbelere kar\u015f\u0131 oldugumuzu net bir tav\u0131rla ortaya koyduk.<br \/>\nDarbenin hemen akabinde bir a\u00e7\u0131klama da \u0130stanbul Eczac\u0131 Odas\u0131 Y\u00f6netiminden geldi. Bu a\u00e7\u0131klama meslek taban\u0131nda oldu\u011fu gibi ilgili ve ilgisiz \u00e7evrelerce de tart\u0131\u015fma g\u00fcndemine ta\u015f\u0131nd\u0131 ve biraz da alg\u0131 y\u00f6netimi olu\u015fturularak bu s\u00fcre\u00e7 \u0130EO y\u00f6netiminin yarg\u0131ya ta\u015f\u0131nmas\u0131na yol a\u00e7t\u0131. Sa\u011fl\u0131k Bakanl\u0131\u011f\u0131n\u0131n a\u00e7t\u0131\u011f\u0131 g\u00f6revden el \u00e7ektirme davas\u0131 \u015fu an yarg\u0131 a\u015famas\u0131ndad\u0131r. \u0130\u00e7eri\u011fine ve siyasal analizlerine kat\u0131lmad\u0131\u011f\u0131m\u0131z bu a\u00e7\u0131klamas\u0131na ra\u011fmen; \u0130EO y\u00f6netiminin g\u00f6revden el \u00e7ektirilmek istenmesini de do\u011fru bulmuyoruz.<\/p>\n<p>Bu konudaki ilkesel tutumumuz: \u201c Se\u00e7imle gelen, yaln\u0131zca se\u00e7imle gitmelidir\u201d.<\/p>\n<p>08.09.2016 tarihinde \u0130EO Y\u00f6netim Kurulu taraf\u0131ndan yap\u0131lan \u2018g\u00f6revden el \u00e7ektirme davas\u0131na ili\u015fkin bas\u0131n a\u00e7\u0131klamas\u0131na\u2019 da bu ilkesel tutumumuz nedeniyle kat\u0131ld\u0131k.<br \/>\nBu demokratik kural yaln\u0131zca siyasal iktidarlar i\u00e7in de\u011fil t\u00fcm demokratik kurumlar i\u00e7in de ge\u00e7erli olmal\u0131d\u0131r. Halk\u0131n iradesine sayg\u0131l\u0131 oldu\u011fumuz gibi t\u00fcm toplum kesimlerinin de iradesine sayg\u0131l\u0131 olmal\u0131y\u0131z. Demokrasiyi ancak b\u00f6yle geli\u015ftirip g\u00fc\u00e7lendirebiliriz.<\/p>\n<p><a href=\"http:\/\/www.istanbulcagdaseczacilarplatformu.org\">\u00c7a\u011fda\u015f Eczac\u0131lar Platformu<\/a><br \/>\n10 EYL\u00dcL 2016<\/p>\n","protected":false},"excerpt":{"rendered":"<p>ECZACI KAMUOYUNA Demokrasiyi ve demokratik kurumlar\u0131 hedef alan 15 Temmuz darbe giri\u015fimi halk\u0131n, siyasal partilerin ve sivil toplum \u00f6rg\u00fctlerinin ortak&#46;&#46;&#46;<\/p>\n","protected":false},"author":1,"featured_media":5065,"comment_status":"closed","ping_status":"closed","sticky":false,"template":"","format":"standard","meta":{"_jetpack_memberships_contains_paid_content":false,"footnotes":""},"categories":[1,62],"tags":[],"class_list":["post-5306","post","type-post","status-publish","format-standard","has-post-thumbnail","hentry","category-ced","category-sagliktan-haberler"],"aioseo_notices":[],"jetpack_featured_media_url":"http:\/\/www.ced.org.tr\/wp-content\/uploads\/2014\/05\/cagdaslar_logo_pembe-e1534420516112.jpg","jetpack_sharing_enabled":true,"jetpack-related-posts":[],"_links":{"self":[{"href":"http:\/\/www.ced.org.tr\/index.php?rest_route=\/wp\/v2\/posts\/5306","targetHints":{"allow":["GET"]}}],"collection":[{"href":"http:\/\/www.ced.org.tr\/index.php?rest_route=\/wp\/v2\/posts"}],"about":[{"href":"http:\/\/www.ced.org.tr\/index.php?rest_route=\/wp\/v2\/types\/post"}],"author":[{"embeddable":true,"href":"http:\/\/www.ced.org.tr\/index.php?rest_route=\/wp\/v2\/users\/1"}],"replies":[{"embeddable":true,"href":"http:\/\/www.ced.org.tr\/index.php?rest_route=%2Fwp%2Fv2%2Fcomments&post=5306"}],"version-history":[{"count":1,"href":"http:\/\/www.ced.org.tr\/index.php?rest_route=\/wp\/v2\/posts\/5306\/revisions"}],"predecessor-version":[{"id":5307,"href":"http:\/\/www.ced.org.tr\/index.php?rest_route=\/wp\/v2\/posts\/5306\/revisions\/5307"}],"wp:featuredmedia":[{"embeddable":true,"href":"http:\/\/www.ced.org.tr\/index.php?rest_route=\/wp\/v2\/media\/5065"}],"wp:attachment":[{"href":"http:\/\/www.ced.org.tr\/index.php?rest_route=%2Fwp%2Fv2%2Fmedia&parent=5306"}],"wp:term":[{"taxonomy":"category","embeddable":true,"href":"http:\/\/www.ced.org.tr\/index.php?rest_route=%2Fwp%2Fv2%2Fcategories&post=5306"},{"taxonomy":"post_tag","embeddable":true,"href":"http:\/\/www.ced.org.tr\/index.php?rest_route=%2Fwp%2Fv2%2Ftags&post=5306"}],"curies":[{"name":"wp","href":"https:\/\/api.w.org\/{rel}","templated":true}]}}