{"id":5505,"date":"2018-03-03T19:03:57","date_gmt":"2018-03-03T16:03:57","guid":{"rendered":"http:\/\/www.ced.org.tr\/?p=5505"},"modified":"2018-03-03T19:03:57","modified_gmt":"2018-03-03T16:03:57","slug":"cagdas-eczacilar-dernegi-istanbul-subesi-genel-kurul-cagrisi","status":"publish","type":"post","link":"http:\/\/www.ced.org.tr\/?p=5505","title":{"rendered":"\u00c7A\u011eDA\u015e ECZACILAR DERNE\u011e\u0130 \u0130STANBUL \u015eUBES\u0130 GENEL KURUL \u00c7A\u011eRISI"},"content":{"rendered":"<p><span style=\"font-weight: 400;\">\u00c7A\u011eDA\u015e ECZACILAR DERNE\u011e\u0130 \u0130STANBUL \u015eUBES\u0130<\/span><\/p>\n<ol start=\"8\">\n<li><span style=\"font-weight: 400;\"> OLA\u011eAN GENEL KURULU<\/span><\/li>\n<\/ol>\n<p><span style=\"font-weight: 400;\">Derne\u011fimizin 8. Ola\u011fan Genel Kurulu 18 Mart 2018 Pazar g\u00fcn\u00fc saat 12.00\u2019de a\u015fa\u011f\u0131da belirtilen g\u00fcndemle Ergenekon Cad. P\u0131nar Apt. No:65 (yeni no:31) Kat:6 D.15, Pangalt\u0131\/\u0130stanbul adresindeki dernek merkezimizde \u00e7o\u011funluk aranarak, belirtilen tarihte \u00e7o\u011funluk sa\u011flanamad\u0131\u011f\u0131 takdirde 25 Mart 2018 Pazar g\u00fcn\u00fc saat 12.00\u2019de ayn\u0131 adreste \u00e7o\u011funluk aranmaks\u0131z\u0131n ger\u00e7ekle\u015ftirilecektir.<\/span><\/p>\n<p><span style=\"font-weight: 400;\">Sayg\u0131lar\u0131m\u0131zla,<\/span><\/p>\n<p><span style=\"font-weight: 400;\">Y\u00f6netim Kurulu<\/span><\/p>\n<p><span style=\"font-weight: 400;\">Genel Kurul G\u00fcndemi<\/span><\/p>\n<ol>\n<li><span style=\"font-weight: 400;\"> \u00a0\u00a0A\u00e7\u0131l\u0131\u015f ve yoklama<\/span><\/li>\n<li><span style=\"font-weight: 400;\"> \u00a0\u00a0Kongre ba\u015fkanl\u0131k divan\u0131n\u0131n se\u00e7imi<\/span><\/li>\n<li><span style=\"font-weight: 400;\"> \u00a0\u00a0Sayg\u0131 duru\u015fu<\/span><\/li>\n<li><span style=\"font-weight: 400;\"> \u00a0\u00a0Y\u00f6netim kurulu \u00e7al\u0131\u015fma raporunun sunulmas\u0131<\/span><\/li>\n<li><span style=\"font-weight: 400;\"> \u00a0\u00a0Denetleme kurulu raporunun sunulmas\u0131<\/span><\/li>\n<li><span style=\"font-weight: 400;\"> \u00a0\u00a0Raporlar \u00fczerine g\u00f6r\u00fc\u015fmeler<\/span><\/li>\n<li><span style=\"font-weight: 400;\"> \u00a0\u00a0Y\u00f6netim ve denetleme kurullar\u0131n\u0131n ayr\u0131 ayr\u0131 ibras\u0131<\/span><\/li>\n<li><span style=\"font-weight: 400;\"> \u00a0\u00a0Tahmini b\u00fct\u00e7enin g\u00f6r\u00fc\u015f\u00fclerek onaylanmas\u0131<\/span><\/li>\n<li><span style=\"font-weight: 400;\"> \u00a0\u00a0Y\u00f6netim kurulu, denetleme kurulu ve genel merkez delegelerinin se\u00e7imi<\/span><\/li>\n<li><span style=\"font-weight: 400;\"> \u00a0Dilek ve \u00f6neriler<\/span><\/li>\n<li><span style=\"font-weight: 400;\"> \u00a0Kapan\u0131\u015f<\/span><\/li>\n<\/ol>\n<p>&nbsp;<\/p>\n","protected":false},"excerpt":{"rendered":"<p>\u00c7A\u011eDA\u015e ECZACILAR DERNE\u011e\u0130 \u0130STANBUL \u015eUBES\u0130 OLA\u011eAN GENEL KURULU Derne\u011fimizin 8. Ola\u011fan Genel Kurulu 18 Mart 2018 Pazar g\u00fcn\u00fc saat 12.00\u2019de&#46;&#46;&#46;<\/p>\n","protected":false},"author":1,"featured_media":0,"comment_status":"closed","ping_status":"closed","sticky":false,"template":"","format":"standard","meta":{"_jetpack_memberships_contains_paid_content":false,"footnotes":""},"categories":[1],"tags":[],"class_list":["post-5505","post","type-post","status-publish","format-standard","hentry","category-ced"],"aioseo_notices":[],"jetpack_featured_media_url":"","jetpack_sharing_enabled":true,"jetpack-related-posts":[],"_links":{"self":[{"href":"http:\/\/www.ced.org.tr\/index.php?rest_route=\/wp\/v2\/posts\/5505","targetHints":{"allow":["GET"]}}],"collection":[{"href":"http:\/\/www.ced.org.tr\/index.php?rest_route=\/wp\/v2\/posts"}],"about":[{"href":"http:\/\/www.ced.org.tr\/index.php?rest_route=\/wp\/v2\/types\/post"}],"author":[{"embeddable":true,"href":"http:\/\/www.ced.org.tr\/index.php?rest_route=\/wp\/v2\/users\/1"}],"replies":[{"embeddable":true,"href":"http:\/\/www.ced.org.tr\/index.php?rest_route=%2Fwp%2Fv2%2Fcomments&post=5505"}],"version-history":[{"count":1,"href":"http:\/\/www.ced.org.tr\/index.php?rest_route=\/wp\/v2\/posts\/5505\/revisions"}],"predecessor-version":[{"id":5506,"href":"http:\/\/www.ced.org.tr\/index.php?rest_route=\/wp\/v2\/posts\/5505\/revisions\/5506"}],"wp:attachment":[{"href":"http:\/\/www.ced.org.tr\/index.php?rest_route=%2Fwp%2Fv2%2Fmedia&parent=5505"}],"wp:term":[{"taxonomy":"category","embeddable":true,"href":"http:\/\/www.ced.org.tr\/index.php?rest_route=%2Fwp%2Fv2%2Fcategories&post=5505"},{"taxonomy":"post_tag","embeddable":true,"href":"http:\/\/www.ced.org.tr\/index.php?rest_route=%2Fwp%2Fv2%2Ftags&post=5505"}],"curies":[{"name":"wp","href":"https:\/\/api.w.org\/{rel}","templated":true}]}}