{"id":5526,"date":"2018-04-25T12:26:07","date_gmt":"2018-04-25T09:26:07","guid":{"rendered":"http:\/\/www.ced.org.tr\/?p=5526"},"modified":"2018-08-31T18:27:57","modified_gmt":"2018-08-31T15:27:57","slug":"kamuoyuna","status":"publish","type":"post","link":"http:\/\/www.ced.org.tr\/?p=5526","title":{"rendered":"ACI KAYBIMIZ!!! &#8211; Ecz. Rafet \u015eAH\u0130N"},"content":{"rendered":"<p>\u00c7a\u011fda\u015f Eczac\u0131l\u0131k Hareketi \u00f6nderlerinden, derne\u011fimizin \u00f6nceki d\u00f6nem ba\u015fkanlar\u0131ndan, abimiz, b\u00fcy\u00fc\u011f\u00fcm\u00fcz, de\u011ferli dostumuz, \u0130stanbul Ecza Kooperatifi Y\u00f6netim Kurulu Ba\u015fkan\u0131 <strong>Ecz. Rafet \u015eAH\u0130N&#8217;<\/strong>i kaybettik&#8230;<\/p>\n<p>Cenazesi: 26.04.2018 Per\u015fembe saat 11:00 de \u0130SKOOP MERKEZ&#8217;de yap\u0131lacak t\u00f6renden sonra ikindi namaz\u0131n\u0131n ard\u0131ndan Fatih Camiinden kald\u0131r\u0131larak Zincirlikuyu Mezarl\u0131\u011f\u0131nda defnedilecektir.<\/p>\n<p>\u00c7a\u011fda\u015f Eczac\u0131lar Derne\u011fi<\/p>\n<div class=\"\" style=\"text-align: center;\" data-block=\"true\" data-editor=\"9h8uu\" data-offset-key=\"fbqpo-0-0\">\n<div data-offset-key=\"fbqpo-0-0\"><a href=\"http:\/\/www.ced.org.tr\/wp-content\/uploads\/2018\/04\/rafet-\u015fahin-02-e1524652932320.jpg\"><img loading=\"lazy\" decoding=\"async\" class=\"aligncenter wp-image-5536\" src=\"http:\/\/www.ced.org.tr\/wp-content\/uploads\/2018\/04\/rafet-\u015fahin-02-e1524652932320.jpg\" alt=\"\" width=\"408\" height=\"451\" srcset=\"http:\/\/www.ced.org.tr\/wp-content\/uploads\/2018\/04\/rafet-\u015fahin-02-e1524652932320.jpg 666w, http:\/\/www.ced.org.tr\/wp-content\/uploads\/2018\/04\/rafet-\u015fahin-02-e1524652932320-271x300.jpg 271w\" sizes=\"auto, (max-width: 408px) 100vw, 408px\" \/><\/a><\/div>\n<\/div>\n<p style=\"text-align: center;\"><iframe loading=\"lazy\" style=\"border: none; overflow: hidden;\" src=\"https:\/\/www.facebook.com\/plugins\/video.php?href=https%3A%2F%2Fwww.facebook.com%2Fistanbulcagdaseczacilarplatformu.org%2Fvideos%2F499755160195050%2F&amp;width=500&amp;show_text=false&amp;appId=212758298769685&amp;height=280\" width=\"500\" height=\"280\" frameborder=\"0\" scrolling=\"no\" allowfullscreen=\"allowfullscreen\"><\/iframe><\/p>\n<p style=\"text-align: center;\"><iframe loading=\"lazy\" style=\"border: none; overflow: hidden;\" src=\"https:\/\/www.facebook.com\/plugins\/video.php?href=https%3A%2F%2Fwww.facebook.com%2Fistkoop%2Fvideos%2F286878121653203%2F&amp;width=500&amp;show_text=false&amp;appId=212758298769685&amp;height=280\" width=\"500\" height=\"280\" frameborder=\"0\" scrolling=\"no\" allowfullscreen=\"allowfullscreen\"><\/iframe><\/p>\n","protected":false},"excerpt":{"rendered":"<p>\u00c7a\u011fda\u015f Eczac\u0131l\u0131k Hareketi \u00f6nderlerinden, derne\u011fimizin \u00f6nceki d\u00f6nem ba\u015fkanlar\u0131ndan, abimiz, b\u00fcy\u00fc\u011f\u00fcm\u00fcz, de\u011ferli dostumuz, \u0130stanbul Ecza Kooperatifi Y\u00f6netim Kurulu Ba\u015fkan\u0131 Ecz. Rafet&#46;&#46;&#46;<\/p>\n","protected":false},"author":1,"featured_media":5536,"comment_status":"closed","ping_status":"closed","sticky":false,"template":"","format":"standard","meta":{"_jetpack_memberships_contains_paid_content":false,"footnotes":""},"categories":[1234,51,60],"tags":[96],"class_list":["post-5526","post","type-post","status-publish","format-standard","has-post-thumbnail","hentry","category-duyuru","category-ecz-rafet-sahin","category-etkinlik","tag-rafet-sahin"],"aioseo_notices":[],"jetpack_featured_media_url":"http:\/\/www.ced.org.tr\/wp-content\/uploads\/2018\/04\/rafet-\u015fahin-02-e1524652932320.jpg","jetpack_sharing_enabled":true,"jetpack-related-posts":[],"_links":{"self":[{"href":"http:\/\/www.ced.org.tr\/index.php?rest_route=\/wp\/v2\/posts\/5526","targetHints":{"allow":["GET"]}}],"collection":[{"href":"http:\/\/www.ced.org.tr\/index.php?rest_route=\/wp\/v2\/posts"}],"about":[{"href":"http:\/\/www.ced.org.tr\/index.php?rest_route=\/wp\/v2\/types\/post"}],"author":[{"embeddable":true,"href":"http:\/\/www.ced.org.tr\/index.php?rest_route=\/wp\/v2\/users\/1"}],"replies":[{"embeddable":true,"href":"http:\/\/www.ced.org.tr\/index.php?rest_route=%2Fwp%2Fv2%2Fcomments&post=5526"}],"version-history":[{"count":11,"href":"http:\/\/www.ced.org.tr\/index.php?rest_route=\/wp\/v2\/posts\/5526\/revisions"}],"predecessor-version":[{"id":5937,"href":"http:\/\/www.ced.org.tr\/index.php?rest_route=\/wp\/v2\/posts\/5526\/revisions\/5937"}],"wp:featuredmedia":[{"embeddable":true,"href":"http:\/\/www.ced.org.tr\/index.php?rest_route=\/wp\/v2\/media\/5536"}],"wp:attachment":[{"href":"http:\/\/www.ced.org.tr\/index.php?rest_route=%2Fwp%2Fv2%2Fmedia&parent=5526"}],"wp:term":[{"taxonomy":"category","embeddable":true,"href":"http:\/\/www.ced.org.tr\/index.php?rest_route=%2Fwp%2Fv2%2Fcategories&post=5526"},{"taxonomy":"post_tag","embeddable":true,"href":"http:\/\/www.ced.org.tr\/index.php?rest_route=%2Fwp%2Fv2%2Ftags&post=5526"}],"curies":[{"name":"wp","href":"https:\/\/api.w.org\/{rel}","templated":true}]}}