{"id":5565,"date":"2018-06-04T10:27:29","date_gmt":"2018-06-04T07:27:29","guid":{"rendered":"http:\/\/www.ced.org.tr\/?p=5565"},"modified":"2018-08-18T10:23:04","modified_gmt":"2018-08-18T07:23:04","slug":"cagdas-eczacilar-dernegi-merkez-8-olagan-genel-kurulu","status":"publish","type":"post","link":"http:\/\/www.ced.org.tr\/?p=5565","title":{"rendered":"\u00c7a\u011fda\u015f Eczac\u0131lar Derne\u011fi Merkez 8. Ola\u011fan Genel Kurulu"},"content":{"rendered":"<p lang=\"zxx\" align=\"left\">27 May\u0131s 2018 Pazar g\u00fcn\u00fc saat:13:00 de Ergenekon Cad. P\u0131nar Apt. No:65 kat:6 d:15 Pangalt\u0131\/\u0130stanbul adresinde yap\u0131lan genel kurulumuz yap\u0131lm\u0131\u015ft\u0131r. Genel kurul sonucunda y\u00f6netim kurullar\u0131m\u0131z a\u015fa\u011f\u0131daki \u015fekilde olu\u015fmu\u015ftur.<\/p>\n<p lang=\"zxx\" align=\"left\">Sayg\u0131lar\u0131m\u0131zla.<\/p>\n<p lang=\"zxx\" align=\"left\">Y\u00f6netim Kurulu<\/p>\n<p lang=\"zxx\" align=\"left\"><strong>Merkez Y\u00f6netim Kurulu<\/strong><\/p>\n<p lang=\"zxx\" align=\"left\">Ecz. Murat DURMAZ (Ba\u015fkan)<br \/>\nEcz. Harika Ayd\u0131n ATAL (Genel Sekreter)<br \/>\nEcz. \u015eeyma CANER (Sayman)<br \/>\nEcz. Ayi\u015fe CO\u015eKUN KARATA\u015e (\u00dcye)<br \/>\nEcz. Do\u011fan ARAS (\u00dcye)<br \/>\nEcz. Sidar D\u0130KEN (\u00dcye)<br \/>\nEcz. \u0130mam H\u00fcseyin \u00c7EL\u0130K (\u00dcye)<br \/>\nEcz. Hakk\u0131 Cumhur NAMO\u011eLU (\u00dcye)<br \/>\nEcz. Erhan ALINMAZ (\u00dcye)<br \/>\nEcz. Mehtap PALACI (\u00dcye)<br \/>\nEcz. Erdal F\u0130L\u0130K (\u00dcye)<br \/>\nEcz. \u0130smail \u00c7EL\u0130K (\u00dcye)<br \/>\nEcz. M. Sait DO\u011eU (\u00dcye)<\/p>\n<p><strong><br \/>\n\u0130stanbul \u015eube Y\u00f6netim Kurulu<\/strong><\/p>\n<p>Ecz. Do\u011fan ARAS\u00a0(Ba\u015fkan)<br \/>\nEcz. \u0130smail \u00c7EL\u0130K (Genel Sekreter)<br \/>\nEcz. \u015eeyma CANER (Sayman)<br \/>\nEcz. M. Sait DO\u011eU (\u00dcye)<br \/>\nEcz. Hakk\u0131 Cumhur NAMO\u011eLU (\u00dcye)<br \/>\nEcz. Erdal F\u0130L\u0130K (\u00dcye)<br \/>\nEcz. Mehtap PALACI\u00a0(\u00dcye)<\/p>\n<p><strong><br \/>\n\u0130zmir \u015eube Y\u00f6netim Kurulu<\/strong><\/p>\n<p>Ecz. Tamer C\u0130NSDEM\u0130R (Ba\u015fkan)<br \/>\nEcz. Bar\u0131\u015f \u00d6ZGEN (Genel Sekreter)<br \/>\nEcz. Aysun KALE (Sayman)<br \/>\nEcz. G\u00fclg\u00fcn BUDAK (\u00dcye)<br \/>\nEcz. Do\u011fan S\u00d6\u011e\u00dcT (\u00dcye)<br \/>\nEcz. Murat \u00c7\u0130FT\u00c7\u0130 (\u00dcye)<br \/>\nEcz. H\u00fcseyin TUTA (\u00dcye)<\/p>\n","protected":false},"excerpt":{"rendered":"<p>27 May\u0131s 2018 Pazar g\u00fcn\u00fc saat:13:00 de Ergenekon Cad. P\u0131nar Apt. No:65 kat:6 d:15 Pangalt\u0131\/\u0130stanbul adresinde yap\u0131lan genel kurulumuz yap\u0131lm\u0131\u015ft\u0131r.&#46;&#46;&#46;<\/p>\n","protected":false},"author":1,"featured_media":5917,"comment_status":"closed","ping_status":"closed","sticky":false,"template":"","format":"standard","meta":{"_jetpack_memberships_contains_paid_content":false,"footnotes":""},"categories":[1,64],"tags":[],"class_list":["post-5565","post","type-post","status-publish","format-standard","has-post-thumbnail","hentry","category-ced","category-mevzuat"],"aioseo_notices":[],"jetpack_featured_media_url":"http:\/\/www.ced.org.tr\/wp-content\/uploads\/2018\/08\/loge\u00e7a\u011fda\u015f-kopya-e1534576680113.png","jetpack_sharing_enabled":true,"jetpack-related-posts":[],"_links":{"self":[{"href":"http:\/\/www.ced.org.tr\/index.php?rest_route=\/wp\/v2\/posts\/5565","targetHints":{"allow":["GET"]}}],"collection":[{"href":"http:\/\/www.ced.org.tr\/index.php?rest_route=\/wp\/v2\/posts"}],"about":[{"href":"http:\/\/www.ced.org.tr\/index.php?rest_route=\/wp\/v2\/types\/post"}],"author":[{"embeddable":true,"href":"http:\/\/www.ced.org.tr\/index.php?rest_route=\/wp\/v2\/users\/1"}],"replies":[{"embeddable":true,"href":"http:\/\/www.ced.org.tr\/index.php?rest_route=%2Fwp%2Fv2%2Fcomments&post=5565"}],"version-history":[{"count":1,"href":"http:\/\/www.ced.org.tr\/index.php?rest_route=\/wp\/v2\/posts\/5565\/revisions"}],"predecessor-version":[{"id":5566,"href":"http:\/\/www.ced.org.tr\/index.php?rest_route=\/wp\/v2\/posts\/5565\/revisions\/5566"}],"wp:featuredmedia":[{"embeddable":true,"href":"http:\/\/www.ced.org.tr\/index.php?rest_route=\/wp\/v2\/media\/5917"}],"wp:attachment":[{"href":"http:\/\/www.ced.org.tr\/index.php?rest_route=%2Fwp%2Fv2%2Fmedia&parent=5565"}],"wp:term":[{"taxonomy":"category","embeddable":true,"href":"http:\/\/www.ced.org.tr\/index.php?rest_route=%2Fwp%2Fv2%2Fcategories&post=5565"},{"taxonomy":"post_tag","embeddable":true,"href":"http:\/\/www.ced.org.tr\/index.php?rest_route=%2Fwp%2Fv2%2Ftags&post=5565"}],"curies":[{"name":"wp","href":"https:\/\/api.w.org\/{rel}","templated":true}]}}