{"id":5807,"date":"2018-08-07T21:57:21","date_gmt":"2018-08-07T18:57:21","guid":{"rendered":"http:\/\/www.ced.org.tr\/?p=5807"},"modified":"2018-08-31T18:25:16","modified_gmt":"2018-08-31T15:25:16","slug":"vefat-2","status":"publish","type":"post","link":"http:\/\/www.ced.org.tr\/?p=5807","title":{"rendered":"Vefat &#8211; M\u00fcbeccel Altunay"},"content":{"rendered":"<p>Eski y\u00f6netim kurulu \u00fcyemiz <strong>Ecz. \u0130rfan Nabi Altunay<\/strong>&#8216;\u0131n annesi\u00a0 \u00fcyemiz\u00a0 <strong>Ecz. Nurg\u00fcl Altunay<\/strong>&#8216;\u0131n\u00a0 kay\u0131nvalidesi <strong>M\u00fcbeccel Altunay<\/strong> vefat etmi\u015ftir. \u00dcyelerimize ve yak\u0131nlar\u0131na sab\u0131rlar dileriz.<\/p>\n<p>Cenazesi 8 A\u011fustos 2018 \u00c7ar\u015famba g\u00fcn\u00fc \u00f6\u011fle namaz\u0131n\u0131n ard\u0131ndan Topkap\u0131 Merkez Efendi Camii&#8217;nden kald\u0131r\u0131lacakt\u0131r.<\/p>\n","protected":false},"excerpt":{"rendered":"<p>Eski y\u00f6netim kurulu \u00fcyemiz Ecz. \u0130rfan Nabi Altunay&#8216;\u0131n annesi\u00a0 \u00fcyemiz\u00a0 Ecz. Nurg\u00fcl Altunay&#8216;\u0131n\u00a0 kay\u0131nvalidesi M\u00fcbeccel Altunay vefat etmi\u015ftir. \u00dcyelerimize ve&#46;&#46;&#46;<\/p>\n","protected":false},"author":1,"featured_media":4102,"comment_status":"closed","ping_status":"closed","sticky":false,"template":"","format":"standard","meta":{"_jetpack_memberships_contains_paid_content":false,"footnotes":""},"categories":[1234,60],"tags":[],"class_list":["post-5807","post","type-post","status-publish","format-standard","has-post-thumbnail","hentry","category-duyuru","category-etkinlik"],"aioseo_notices":[],"jetpack_featured_media_url":"http:\/\/www.ced.org.tr\/wp-content\/uploads\/2014\/05\/black.jpg","jetpack_sharing_enabled":true,"jetpack-related-posts":[],"_links":{"self":[{"href":"http:\/\/www.ced.org.tr\/index.php?rest_route=\/wp\/v2\/posts\/5807","targetHints":{"allow":["GET"]}}],"collection":[{"href":"http:\/\/www.ced.org.tr\/index.php?rest_route=\/wp\/v2\/posts"}],"about":[{"href":"http:\/\/www.ced.org.tr\/index.php?rest_route=\/wp\/v2\/types\/post"}],"author":[{"embeddable":true,"href":"http:\/\/www.ced.org.tr\/index.php?rest_route=\/wp\/v2\/users\/1"}],"replies":[{"embeddable":true,"href":"http:\/\/www.ced.org.tr\/index.php?rest_route=%2Fwp%2Fv2%2Fcomments&post=5807"}],"version-history":[{"count":5,"href":"http:\/\/www.ced.org.tr\/index.php?rest_route=\/wp\/v2\/posts\/5807\/revisions"}],"predecessor-version":[{"id":5936,"href":"http:\/\/www.ced.org.tr\/index.php?rest_route=\/wp\/v2\/posts\/5807\/revisions\/5936"}],"wp:featuredmedia":[{"embeddable":true,"href":"http:\/\/www.ced.org.tr\/index.php?rest_route=\/wp\/v2\/media\/4102"}],"wp:attachment":[{"href":"http:\/\/www.ced.org.tr\/index.php?rest_route=%2Fwp%2Fv2%2Fmedia&parent=5807"}],"wp:term":[{"taxonomy":"category","embeddable":true,"href":"http:\/\/www.ced.org.tr\/index.php?rest_route=%2Fwp%2Fv2%2Fcategories&post=5807"},{"taxonomy":"post_tag","embeddable":true,"href":"http:\/\/www.ced.org.tr\/index.php?rest_route=%2Fwp%2Fv2%2Ftags&post=5807"}],"curies":[{"name":"wp","href":"https:\/\/api.w.org\/{rel}","templated":true}]}}