{"id":5929,"date":"2018-08-29T20:03:27","date_gmt":"2018-08-29T17:03:27","guid":{"rendered":"http:\/\/www.ced.org.tr\/?p=5929"},"modified":"2019-02-02T16:15:39","modified_gmt":"2019-02-02T13:15:39","slug":"vefat-ecz-ahmet-semih-canan","status":"publish","type":"post","link":"http:\/\/www.ced.org.tr\/?p=5929","title":{"rendered":"VEFAT &#8211; Ecz. Ahmet Semih Canan"},"content":{"rendered":"<p>Gen\u00e7 meslekta\u015f\u0131m\u0131z, gen\u00e7 \u00fcyemiz &nbsp;Ecz. Ahmet Semih Canan (Duru Eczanesi\/Fatih) vefat etmi\u015ftir.<\/p>\n<p>Cenazesi 30 A\u011fustos 2018 Per\u015fembe g\u00fcn\u00fc \u00f6\u011fle namaz\u0131n\u0131n ard\u0131ndan Macuncu Kas\u0131m Camii&#8217;nden (Fatih) kald\u0131r\u0131lacakt\u0131r.<\/p>\n<p>Meslekta\u015f\u0131m\u0131z\u0131n ailesi ve yak\u0131nlar\u0131na ba\u015fsa\u011fl\u0131\u011f\u0131 dileriz.<\/p>\n<p>\u00c7a\u011fda\u015fEczac\u0131lar Derne\u011fi Y\u00f6netim Kurulu<\/p>\n<p>&nbsp;<\/p>\n<p><iframe loading=\"lazy\" style=\"border: 0;\" src=\"https:\/\/www.google.com\/maps\/embed?pb=!1m18!1m12!1m3!1d3010.5873312763033!2d28.933972042600356!3d41.012404687776204!2m3!1f0!2f0!3f0!3m2!1i1024!2i768!4f13.1!3m3!1m2!1s0x14caba36c79bf547%3A0x279732b9736a21b3!2zTUFDVU5DVSBLQVNJTSBDQU3EsMSw!5e0!3m2!1str!2str!4v1535562160196\" width=\"600\" height=\"450\" frameborder=\"0\" allowfullscreen=\"allowfullscreen\"><\/iframe><\/p>\n","protected":false},"excerpt":{"rendered":"<p>Gen\u00e7 meslekta\u015f\u0131m\u0131z, gen\u00e7 \u00fcyemiz &nbsp;Ecz. Ahmet Semih Canan (Duru Eczanesi\/Fatih) vefat etmi\u015ftir. Cenazesi 30 A\u011fustos 2018 Per\u015fembe g\u00fcn\u00fc \u00f6\u011fle namaz\u0131n\u0131n&#46;&#46;&#46;<\/p>\n","protected":false},"author":1,"featured_media":4102,"comment_status":"closed","ping_status":"closed","sticky":false,"template":"","format":"standard","meta":{"_jetpack_memberships_contains_paid_content":false,"footnotes":""},"categories":[1234,60],"tags":[],"class_list":["post-5929","post","type-post","status-publish","format-standard","has-post-thumbnail","hentry","category-duyuru","category-etkinlik"],"aioseo_notices":[],"jetpack_featured_media_url":"http:\/\/www.ced.org.tr\/wp-content\/uploads\/2014\/05\/black.jpg","jetpack_sharing_enabled":true,"jetpack-related-posts":[],"_links":{"self":[{"href":"http:\/\/www.ced.org.tr\/index.php?rest_route=\/wp\/v2\/posts\/5929","targetHints":{"allow":["GET"]}}],"collection":[{"href":"http:\/\/www.ced.org.tr\/index.php?rest_route=\/wp\/v2\/posts"}],"about":[{"href":"http:\/\/www.ced.org.tr\/index.php?rest_route=\/wp\/v2\/types\/post"}],"author":[{"embeddable":true,"href":"http:\/\/www.ced.org.tr\/index.php?rest_route=\/wp\/v2\/users\/1"}],"replies":[{"embeddable":true,"href":"http:\/\/www.ced.org.tr\/index.php?rest_route=%2Fwp%2Fv2%2Fcomments&post=5929"}],"version-history":[{"count":2,"href":"http:\/\/www.ced.org.tr\/index.php?rest_route=\/wp\/v2\/posts\/5929\/revisions"}],"predecessor-version":[{"id":6033,"href":"http:\/\/www.ced.org.tr\/index.php?rest_route=\/wp\/v2\/posts\/5929\/revisions\/6033"}],"wp:featuredmedia":[{"embeddable":true,"href":"http:\/\/www.ced.org.tr\/index.php?rest_route=\/wp\/v2\/media\/4102"}],"wp:attachment":[{"href":"http:\/\/www.ced.org.tr\/index.php?rest_route=%2Fwp%2Fv2%2Fmedia&parent=5929"}],"wp:term":[{"taxonomy":"category","embeddable":true,"href":"http:\/\/www.ced.org.tr\/index.php?rest_route=%2Fwp%2Fv2%2Fcategories&post=5929"},{"taxonomy":"post_tag","embeddable":true,"href":"http:\/\/www.ced.org.tr\/index.php?rest_route=%2Fwp%2Fv2%2Ftags&post=5929"}],"curies":[{"name":"wp","href":"https:\/\/api.w.org\/{rel}","templated":true}]}}