{"id":5995,"date":"2018-09-04T13:17:25","date_gmt":"2018-09-04T10:17:25","guid":{"rendered":"http:\/\/www.ced.org.tr\/?p=5995"},"modified":"2018-09-04T13:20:50","modified_gmt":"2018-09-04T10:20:50","slug":"biz-eczacilik-ogrencilerinin-sesini-duyan-var-mi","status":"publish","type":"post","link":"http:\/\/www.ced.org.tr\/?p=5995","title":{"rendered":"B\u0130Z ECZACILIK \u00d6\u011eRENC\u0130LER\u0130N\u0130N SES\u0130N\u0130 DUYAN VAR MI ?"},"content":{"rendered":"<p><strong><u>B\u0130Z ECZACILIK \u00d6\u011eRENC\u0130LER\u0130N\u0130N SES\u0130N\u0130 DUYAN VAR MI ?<\/u><\/strong><\/p>\n<p>Her y\u0131l konu\u015fulmas\u0131na ra\u011fmen ne fak\u00fclte say\u0131lar\u0131 ne de eczac\u0131l\u0131k fak\u00fclteleri kontenjanlar\u0131nda herhangi bir azalma ya da sabitlenme ya\u015fanm\u0131yor aksine var olan fak\u00fcltelerin kontenjanlar\u0131n\u0131 art\u0131yor ve yeni fak\u00fclteler a\u00e7\u0131l\u0131yor.<\/p>\n<p>Gelin verilere bakal\u0131m \u00a0;<\/p>\n<table style=\"height: 433px;\" width=\"313\">\n<tbody>\n<tr>\n<td width=\"307\">2011<\/td>\n<td width=\"307\">1509<\/td>\n<\/tr>\n<tr>\n<td width=\"307\">2012<\/td>\n<td width=\"307\">1660<\/td>\n<\/tr>\n<tr>\n<td width=\"307\">2013<\/td>\n<td width=\"307\">1886<\/td>\n<\/tr>\n<tr>\n<td width=\"307\">2014<\/td>\n<td width=\"307\">1934<\/td>\n<\/tr>\n<tr>\n<td width=\"307\">2015<\/td>\n<td width=\"307\">2082<\/td>\n<\/tr>\n<tr>\n<td width=\"307\">2016<\/td>\n<td width=\"307\">2327<\/td>\n<\/tr>\n<tr>\n<td width=\"307\">2017<\/td>\n<td width=\"307\">2608<\/td>\n<\/tr>\n<tr>\n<td width=\"307\">2018<\/td>\n<td width=\"307\">3366<\/td>\n<\/tr>\n<\/tbody>\n<\/table>\n<p>Tablo 1 : Y\u0131llara g\u00f6re eczac\u0131l\u0131k fak\u00fcltesi kontenjanlar\u0131<\/p>\n<p>Tablo 1 de g\u00f6r\u00fcld\u00fc\u011f\u00fc gibi \u00a0mesle\u011fimiz bu kadar mezunu kald\u0131rabilecek g\u00fc\u00e7te de\u011fil, yap\u0131lan tahminlerde 5 y\u0131l i\u00e7inde 5-10 bin aras\u0131nda eczac\u0131 istihdam problemi ya\u015fayacak. Eczane say\u0131s\u0131n\u0131n fazla olmas\u0131ndan dolay\u0131 eczane say\u0131lar\u0131na k\u0131s\u0131tlama getirildiyse, ayn\u0131 \u015fekilde eczac\u0131l\u0131k fak\u00fcltelerinin \u00f6\u011frenci kontenjanlar\u0131n\u0131n da s\u0131n\u0131rland\u0131r\u0131lmas\u0131 gerekmektedir. Mesle\u011fin uzun vadede en \u00f6nemli sorunu budur.<\/p>\n<p>Bir di\u011fer sorunumuz her y\u0131l ge\u00e7i\u015ftirilen eczac\u0131l\u0131\u011fa giri\u015fte taban s\u0131ralamas\u0131 (t\u0131p fak\u00fcltelerinde oldu\u011fu gibi ) getirilmesidir. Bu konu\u00a0 2016\u2019 dan beri her y\u0131l getirilmesi d\u00fc\u015f\u00fcn\u00fclen lakin s\u00fcrekli ertelenen bir konu olmu\u015ftur.<\/p>\n<p>Bu geli\u015fmeler \u0131\u015f\u0131\u011f\u0131nda TEB ve 54 eczac\u0131 odas\u0131n\u0131n somut bir \u00e7al\u0131\u015fmas\u0131 varsa kamuoyuyla payla\u015fmas\u0131 en b\u00fcy\u00fck iste\u011fimdir. TEB \u00f6nc\u00fcl\u00fc\u011f\u00fcnde bu konuda bir stratejik plan olu\u015fturmak ve m\u00fccadele etmek gerekir.<\/p>\n<p>Bir mesle\u011fin devaml\u0131l\u0131\u011f\u0131 ve ba\u015far\u0131s\u0131 \u00e7ok mezun vermekle de\u011fil liyakat ve kaliteyle k\u0131yas edilir.<\/p>\n<p>Ecz.\u00d6\u011fr. \u0130lker KURT<\/p>\n","protected":false},"excerpt":{"rendered":"<p>B\u0130Z ECZACILIK \u00d6\u011eRENC\u0130LER\u0130N\u0130N SES\u0130N\u0130 DUYAN VAR MI ? Her y\u0131l konu\u015fulmas\u0131na ra\u011fmen ne fak\u00fclte say\u0131lar\u0131 ne de eczac\u0131l\u0131k fak\u00fclteleri kontenjanlar\u0131nda&#46;&#46;&#46;<\/p>\n","protected":false},"author":24,"featured_media":5915,"comment_status":"closed","ping_status":"closed","sticky":false,"template":"","format":"standard","meta":{"_jetpack_memberships_contains_paid_content":false,"footnotes":""},"categories":[1,62],"tags":[],"class_list":["post-5995","post","type-post","status-publish","format-standard","has-post-thumbnail","hentry","category-ced","category-sagliktan-haberler"],"aioseo_notices":[],"jetpack_featured_media_url":"http:\/\/www.ced.org.tr\/wp-content\/uploads\/2018\/08\/loge\u00e7a\u011fda\u015f-daire-lilal\u0131-ortas\u0131-yar\u0131saydam-e1693823669471.png","jetpack_sharing_enabled":true,"jetpack-related-posts":[],"_links":{"self":[{"href":"http:\/\/www.ced.org.tr\/index.php?rest_route=\/wp\/v2\/posts\/5995","targetHints":{"allow":["GET"]}}],"collection":[{"href":"http:\/\/www.ced.org.tr\/index.php?rest_route=\/wp\/v2\/posts"}],"about":[{"href":"http:\/\/www.ced.org.tr\/index.php?rest_route=\/wp\/v2\/types\/post"}],"author":[{"embeddable":true,"href":"http:\/\/www.ced.org.tr\/index.php?rest_route=\/wp\/v2\/users\/24"}],"replies":[{"embeddable":true,"href":"http:\/\/www.ced.org.tr\/index.php?rest_route=%2Fwp%2Fv2%2Fcomments&post=5995"}],"version-history":[{"count":1,"href":"http:\/\/www.ced.org.tr\/index.php?rest_route=\/wp\/v2\/posts\/5995\/revisions"}],"predecessor-version":[{"id":5996,"href":"http:\/\/www.ced.org.tr\/index.php?rest_route=\/wp\/v2\/posts\/5995\/revisions\/5996"}],"wp:featuredmedia":[{"embeddable":true,"href":"http:\/\/www.ced.org.tr\/index.php?rest_route=\/wp\/v2\/media\/5915"}],"wp:attachment":[{"href":"http:\/\/www.ced.org.tr\/index.php?rest_route=%2Fwp%2Fv2%2Fmedia&parent=5995"}],"wp:term":[{"taxonomy":"category","embeddable":true,"href":"http:\/\/www.ced.org.tr\/index.php?rest_route=%2Fwp%2Fv2%2Fcategories&post=5995"},{"taxonomy":"post_tag","embeddable":true,"href":"http:\/\/www.ced.org.tr\/index.php?rest_route=%2Fwp%2Fv2%2Ftags&post=5995"}],"curies":[{"name":"wp","href":"https:\/\/api.w.org\/{rel}","templated":true}]}}