{"id":6031,"date":"2019-02-02T16:27:12","date_gmt":"2019-02-02T13:27:12","guid":{"rendered":"http:\/\/www.ced.org.tr\/?p=6031"},"modified":"2019-02-08T10:54:54","modified_gmt":"2019-02-08T07:54:54","slug":"vefat-ecz-recep-aktan","status":"publish","type":"post","link":"http:\/\/www.ced.org.tr\/?p=6031","title":{"rendered":"VEFAT &#8211; Ecz. Recep Aktan"},"content":{"rendered":"\n<p>\u00c7a\u011fda\u015f Eczac\u0131l\u0131k Hareketinin kurucular\u0131ndan Meslekta\u015f\u0131m\u0131z Sn. Ecz. Recep Aktan&#8217;\u0131 kaybettik.<\/p>\n\n\n\n<p>Cenazesi  03.02.2019 PAZAR \u00f6\u011fle namaz\u0131n\u0131n ard\u0131ndan  <br>Merter Veysel Karani Camii&#8217;nden K\u00fc\u00e7\u00fck Halkal\u0131 Mezarl\u0131\u011f\u0131na defnelidecektir. <\/p>\n\n\n\n<p>Meslekta\u015f\u0131m\u0131z\u0131n ailesi ve yak\u0131nlar\u0131na ba\u015fsa\u011fl\u0131\u011f\u0131 dileriz.<\/p>\n\n\n\n<p>\u00c7a\u011fda\u015f Eczac\u0131lar Derne\u011fi Y\u00f6netim Kurulu<\/p>\n\n\n\n<p><\/p>\n","protected":false},"excerpt":{"rendered":"<p>\u00c7a\u011fda\u015f Eczac\u0131l\u0131k Hareketinin kurucular\u0131ndan Meslekta\u015f\u0131m\u0131z Sn. Ecz. Recep Aktan&#8217;\u0131 kaybettik. Cenazesi 03.02.2019 PAZAR \u00f6\u011fle namaz\u0131n\u0131n ard\u0131ndan Merter Veysel Karani Camii&#8217;nden&#46;&#46;&#46;<\/p>\n","protected":false},"author":1,"featured_media":4102,"comment_status":"closed","ping_status":"closed","sticky":false,"template":"","format":"standard","meta":{"_jetpack_memberships_contains_paid_content":false,"footnotes":""},"categories":[1234],"tags":[],"class_list":["post-6031","post","type-post","status-publish","format-standard","has-post-thumbnail","hentry","category-duyuru"],"aioseo_notices":[],"jetpack_featured_media_url":"http:\/\/www.ced.org.tr\/wp-content\/uploads\/2014\/05\/black.jpg","jetpack_sharing_enabled":true,"jetpack-related-posts":[],"_links":{"self":[{"href":"http:\/\/www.ced.org.tr\/index.php?rest_route=\/wp\/v2\/posts\/6031","targetHints":{"allow":["GET"]}}],"collection":[{"href":"http:\/\/www.ced.org.tr\/index.php?rest_route=\/wp\/v2\/posts"}],"about":[{"href":"http:\/\/www.ced.org.tr\/index.php?rest_route=\/wp\/v2\/types\/post"}],"author":[{"embeddable":true,"href":"http:\/\/www.ced.org.tr\/index.php?rest_route=\/wp\/v2\/users\/1"}],"replies":[{"embeddable":true,"href":"http:\/\/www.ced.org.tr\/index.php?rest_route=%2Fwp%2Fv2%2Fcomments&post=6031"}],"version-history":[{"count":1,"href":"http:\/\/www.ced.org.tr\/index.php?rest_route=\/wp\/v2\/posts\/6031\/revisions"}],"predecessor-version":[{"id":6034,"href":"http:\/\/www.ced.org.tr\/index.php?rest_route=\/wp\/v2\/posts\/6031\/revisions\/6034"}],"wp:featuredmedia":[{"embeddable":true,"href":"http:\/\/www.ced.org.tr\/index.php?rest_route=\/wp\/v2\/media\/4102"}],"wp:attachment":[{"href":"http:\/\/www.ced.org.tr\/index.php?rest_route=%2Fwp%2Fv2%2Fmedia&parent=6031"}],"wp:term":[{"taxonomy":"category","embeddable":true,"href":"http:\/\/www.ced.org.tr\/index.php?rest_route=%2Fwp%2Fv2%2Fcategories&post=6031"},{"taxonomy":"post_tag","embeddable":true,"href":"http:\/\/www.ced.org.tr\/index.php?rest_route=%2Fwp%2Fv2%2Ftags&post=6031"}],"curies":[{"name":"wp","href":"https:\/\/api.w.org\/{rel}","templated":true}]}}