{"id":6087,"date":"2019-04-05T09:51:58","date_gmt":"2019-04-05T06:51:58","guid":{"rendered":"http:\/\/www.ced.org.tr\/?p=6087"},"modified":"2021-06-08T13:28:14","modified_gmt":"2021-06-08T10:28:14","slug":"istanbulda-cagdas-eczacilar-2019-secimi-icin-calismalara-basladi","status":"publish","type":"post","link":"http:\/\/www.ced.org.tr\/?p=6087","title":{"rendered":"\u0130stanbul\u2019da \u00c7A\u011eDA\u015e ECZACILAR 2019 Se\u00e7imi \u0130\u00e7in \u00c7al\u0131\u015fmalara Ba\u015flad\u0131"},"content":{"rendered":"\n<p>Ecz. Mustafa Turun\u00e7 Ecz. A. Semih G\u00fcng\u00f6r Taraf\u0131ndan Yay\u0131nlanan Deklerasyon   <\/p>\n\n\n\n<p>\u0130STANBUL-YALOVA \u0130L\u0130 MESLEKTA\u015eLARIMIZIN D\u0130KKAT\u0130NE !<\/p>\n\n\n\n<p>De\u011ferli Meslekta\u015flar\u0131m\u0131z;<br \/> Kuruldu\u011fundan bu yana biz eczac\u0131lar; eme\u011fin en y\u00fcce de\u011fer, sa\u011fl\u0131kl\u0131 ya\u015fam hakk\u0131n\u0131n vazge\u00e7ilmez en temel insan hakk\u0131 oldu\u011funu savunan, var olan sorunlar\u0131n \u00f6rg\u00fctl\u00fc toplum ve dayan\u0131\u015fmayla a\u015f\u0131labilece\u011fine inanan \u00c7a\u011fda\u015f Eczac\u0131lar, y\u0131llar i\u00e7inde kimi nedenlerle kendi i\u00e7lerinde b\u00f6l\u00fcnerek, ayr\u0131\u015farak mesleki m\u00fccadelenin i\u00e7inde yer ald\u0131lar.<br \/> D\u00fcnyan\u0131n ve \u00fclkemizin i\u00e7inde bulundu\u011fu ko\u015fullar g\u00f6z \u00f6n\u00fcnde bulunduruldu\u011funda, halk\u0131m\u0131z\u0131n sa\u011fl\u0131k sorunlar\u0131n\u0131 en aza indiren, s\u00fcrd\u00fcr\u00fclebilir bir eczac\u0131l\u0131k hizmetinin sa\u011flanmas\u0131 ve meslekta\u015flar\u0131m\u0131z\u0131n haklar\u0131n\u0131 savunmak ad\u0131na g\u00fc\u00e7l\u00fc bir dayan\u0131\u015fman\u0131n temellerinin at\u0131lmas\u0131 y\u00f6n\u00fcnde bir saptamada bulunduk.<br \/> S\u00f6z konusu dayan\u0131\u015fmay\u0131 sa\u011flayabilmek i\u00e7in grubumuz taraf\u0131ndan yetkilendirilen arkada\u015flar\u0131m\u0131z, birlikteli\u011fi sa\u011flayabilmek ad\u0131na ilk g\u00f6r\u00fc\u015fmeyi 18 Ocak 2019 da \u0130stanbul Eczac\u0131 Hareketi grubu ile ger\u00e7ekle\u015ftirdiler. Eczac\u0131 Odas\u0131nda yap\u0131lan g\u00f6r\u00fc\u015fmede, toplumun siyasal, ekonomik, sosyolojik, psikolojik durumu g\u00f6z \u00f6n\u00fcne al\u0131nd\u0131\u011f\u0131nda, \u00f6nceki y\u0131llarda meslek siyaseti ve m\u00fccadelesinin i\u00e7inde beraberce, omuz omuza yer alan ki\u015filer olarak, ayr\u0131l\u0131klar\u0131 bir kenara b\u0131rakarak birle\u015fmemiz gerekti\u011fini kendilerine ifade ettik.<br \/> Yakla\u015f\u0131k 2 ay\u0131 ge\u00e7en s\u00fcre zarf\u0131nda ve ikinci bir g\u00f6r\u00fc\u015fme yapmam\u0131za ra\u011fmen taraf\u0131m\u0131za olumlu veya olumsuz g\u00f6r\u00fc\u015f iletilmemi\u015ftir.<br \/> Oysaki amac\u0131m\u0131z, 4 y\u0131la yakla\u015fan y\u00f6netimleri s\u0131ras\u0131nda yapt\u0131klar\u0131 eksik, yanl\u0131\u015f ve hatal\u0131 tutum ve davran\u0131\u015flar\u0131 en aza indiren, daha verimli, daha \u00fcretken bir eczac\u0131 odas\u0131 yap\u0131lanmas\u0131n\u0131 yaratabilmekti\u2026 Bu birliktelik, \u00fcyelerimiz aras\u0131nda da farkl\u0131 bir sinerji ve umut olacak, dayan\u0131\u015fmam\u0131z\u0131 g\u00fc\u00e7lendirecekti\u2026 G\u00fc\u00e7 zehirlenmesi bu olsa gerek, bu sa\u011fduyulu davran\u0131\u015f\u0131 elinin tersi ile itip, talebimizi g\u00f6rmezden geldiler.                                                                                                                                                                          <br \/> \u00c7a\u011fda\u015f Eczac\u0131lar Grubu olarak \u0130stanbul Eczac\u0131 Hareketi grubunun yetkililerinden talebimize y\u00f6nelik olumlu bir cevap alamazken meslek ad\u0131na olu\u015fan kayg\u0131lar\u0131m\u0131z\u0131n bir benzerinin de \u00c7a\u011fda\u015f Eczac\u0131lar\u0131n Birli\u011fi Grubundaki arkada\u015flar\u0131m\u0131zda oldu\u011funu g\u00f6rd\u00fck\u2026 Kar\u015f\u0131l\u0131kl\u0131 g\u00f6r\u00fc\u015fmelerin ard\u0131ndan;<\/p>\n\n\n\n<ul class=\"wp-block-list\"><li>Eczane ekonomilerini g\u00fc\u00e7lendirecek projeleri hayata ge\u00e7irebilecek,<\/li><li>Her kesimle diyalogdan ka\u00e7\u0131nmayacak, eczac\u0131lar\u0131n haklar\u0131n\u0131n korunmas\u0131 hususunda taviz vermeyecek,<\/li><li>Var olan sorunlar\u0131n \u00e7\u00f6z\u00fclmesi amac\u0131 ile sa\u011fl\u0131k otoritelerine \u00e7\u00f6z\u00fcm \u00f6nerileri sunacak, parlamento da g\u00fc\u00e7l\u00fc bir lobi \u00e7al\u0131\u015fmas\u0131 yapacak,<\/li><li>G\u00f6stermelik tepkiler, m\u0131\u015f gibi yapmak yerine gere\u011fini yapan bir y\u00f6netim anlay\u0131\u015f\u0131 ile \u00e7al\u0131\u015facak,<\/li><li>Hi\u00e7bir meslekta\u015f\u0131n\u0131 \u00f6tekile\u015ftirmeden, meslekta\u015f\u0131m\u0131za e\u015fit ve sayg\u0131l\u0131 hizmet anlay\u0131\u015f\u0131n\u0131 g\u00f6rev bilen,<\/li><li>Eczac\u0131 Odas\u0131n\u0131n ekonomik yap\u0131s\u0131n\u0131 eski g\u00fcc\u00fcne getirecek,<\/li><li>Eczac\u0131lar\u0131m\u0131z\u0131n varl\u0131klar\u0131n\u0131 bir mirasyedi gibi satt\u0131rmayacak,<\/li><li>De\u011fi\u015fen d\u00fcnyada, dinamik bir meslek olan Eczac\u0131l\u0131\u011f\u0131n geli\u015fimini do\u011fru kavray\u0131p, mesle\u011fimiz ve meslekta\u015flar\u0131m\u0131z\u0131n sayg\u0131nl\u0131\u011f\u0131n\u0131 art\u0131racak,<\/li><li>Mesle\u011fimize ve meslekta\u015flar\u0131m\u0131za y\u00f6nelik tehditlerin artt\u0131\u011f\u0131 bir d\u00f6nemde, s\u00f6z konusu egemenlere kar\u015f\u0131 kararl\u0131 bir m\u00fccadelenin i\u00e7inde yer alacak,<\/li><li>Karar s\u00fcre\u00e7lerine meslekta\u015flar\u0131n\u0131 katan, kararlar\u0131 birlikte alan ve kazan\u0131mlar\u0131m\u0131z\u0131 \u00fcyelerimizin destekleri ile kazan\u0131ld\u0131\u011f\u0131 bilen bir anlay\u0131\u015f\u0131n\u0131 sergileyecek,<\/li><li>Meslek alan\u0131m\u0131z\u0131n d\u0131\u015f\u0131nda da s\u00f6yleyecek s\u00f6z\u00fc olan, toplumun kayg\u0131lar\u0131n\u0131 \u00f6nemseyen ve \u00e7\u00f6z\u00fcm\u00fc konusunda katk\u0131 koyan bir eczac\u0131 Odas\u0131 yaratmak i\u00e7in,<br \/>\nAyr\u0131\u015fmalardan gerekli dersleri \u00e7\u0131kararak, birle\u015ferek, g\u00fc\u00e7l\u00fc bir \u00c7a\u011fda\u015f Eczac\u0131lar Grubu olarak meslekta\u015flar\u0131m\u0131z\u0131n kar\u015f\u0131s\u0131na \u00e7\u0131kmaya ve Eyl\u00fcl 2019 Eczac\u0131 Odas\u0131 Se\u00e7imli Genel Kurulunda siz de\u011ferli meslekta\u015flar\u0131m\u0131zdan g\u00fcvenoyu almak i\u00e7in eczac\u0131 odam\u0131z se\u00e7imlerine \u00c7a\u011fda\u015f Eczac\u0131lar Grubu olarak kat\u0131lmaya karar verdik.<br \/>\nEczac\u0131 Kamuoyuna sayg\u0131 ile duyurulur.<br \/>\nYine, Yeniden, Hep birlikte\u2026\n<code>                                                    \u00c7A\u011eDA\u015e ECZACILAR GRUBU\n                                         Ecz. Mustafa Turun\u00e7 Ecz. A.Semih G\u00fcng\u00f6r<\/code><\/li><\/ul>\n","protected":false},"excerpt":{"rendered":"<p>Ecz. Mustafa Turun\u00e7 Ecz. A. Semih G\u00fcng\u00f6r Taraf\u0131ndan Yay\u0131nlanan Deklerasyon \u0130STANBUL-YALOVA \u0130L\u0130 MESLEKTA\u015eLARIMIZIN D\u0130KKAT\u0130NE ! De\u011ferli Meslekta\u015flar\u0131m\u0131z; Kuruldu\u011fundan bu yana&#46;&#46;&#46;<\/p>\n","protected":false},"author":1,"featured_media":5917,"comment_status":"closed","ping_status":"closed","sticky":false,"template":"","format":"standard","meta":{"_jetpack_memberships_contains_paid_content":false,"footnotes":""},"categories":[1234,62],"tags":[],"class_list":["post-6087","post","type-post","status-publish","format-standard","has-post-thumbnail","hentry","category-duyuru","category-sagliktan-haberler"],"aioseo_notices":[],"jetpack_featured_media_url":"http:\/\/www.ced.org.tr\/wp-content\/uploads\/2018\/08\/loge\u00e7a\u011fda\u015f-kopya-e1534576680113.png","jetpack_sharing_enabled":true,"jetpack-related-posts":[],"_links":{"self":[{"href":"http:\/\/www.ced.org.tr\/index.php?rest_route=\/wp\/v2\/posts\/6087","targetHints":{"allow":["GET"]}}],"collection":[{"href":"http:\/\/www.ced.org.tr\/index.php?rest_route=\/wp\/v2\/posts"}],"about":[{"href":"http:\/\/www.ced.org.tr\/index.php?rest_route=\/wp\/v2\/types\/post"}],"author":[{"embeddable":true,"href":"http:\/\/www.ced.org.tr\/index.php?rest_route=\/wp\/v2\/users\/1"}],"replies":[{"embeddable":true,"href":"http:\/\/www.ced.org.tr\/index.php?rest_route=%2Fwp%2Fv2%2Fcomments&post=6087"}],"version-history":[{"count":2,"href":"http:\/\/www.ced.org.tr\/index.php?rest_route=\/wp\/v2\/posts\/6087\/revisions"}],"predecessor-version":[{"id":6443,"href":"http:\/\/www.ced.org.tr\/index.php?rest_route=\/wp\/v2\/posts\/6087\/revisions\/6443"}],"wp:featuredmedia":[{"embeddable":true,"href":"http:\/\/www.ced.org.tr\/index.php?rest_route=\/wp\/v2\/media\/5917"}],"wp:attachment":[{"href":"http:\/\/www.ced.org.tr\/index.php?rest_route=%2Fwp%2Fv2%2Fmedia&parent=6087"}],"wp:term":[{"taxonomy":"category","embeddable":true,"href":"http:\/\/www.ced.org.tr\/index.php?rest_route=%2Fwp%2Fv2%2Fcategories&post=6087"},{"taxonomy":"post_tag","embeddable":true,"href":"http:\/\/www.ced.org.tr\/index.php?rest_route=%2Fwp%2Fv2%2Ftags&post=6087"}],"curies":[{"name":"wp","href":"https:\/\/api.w.org\/{rel}","templated":true}]}}