{"id":6097,"date":"2021-05-01T00:26:00","date_gmt":"2021-04-30T21:26:00","guid":{"rendered":"http:\/\/www.ced.org.tr\/?p=6097"},"modified":"2021-05-29T18:02:48","modified_gmt":"2021-05-29T15:02:48","slug":"1-mayis-isci-ve-emekcinin-bayrami-kutlu-olsun","status":"publish","type":"post","link":"http:\/\/www.ced.org.tr\/?p=6097","title":{"rendered":"1 May\u0131s \u0130\u015f\u00e7i ve Emek\u00e7inin Bayram\u0131 Kutlu Olsun"},"content":{"rendered":"\n<figure class=\"wp-block-image\"><img loading=\"lazy\" decoding=\"async\" width=\"750\" height=\"745\" src=\"http:\/\/www.ced.org.tr\/wp-content\/uploads\/2019\/05\/3250FC82-6EAE-4618-BDCF-BCB9BCC8FCD4.jpeg\" alt=\"\" class=\"wp-image-6098\" srcset=\"http:\/\/www.ced.org.tr\/wp-content\/uploads\/2019\/05\/3250FC82-6EAE-4618-BDCF-BCB9BCC8FCD4.jpeg 750w, http:\/\/www.ced.org.tr\/wp-content\/uploads\/2019\/05\/3250FC82-6EAE-4618-BDCF-BCB9BCC8FCD4-150x150.jpeg 150w, http:\/\/www.ced.org.tr\/wp-content\/uploads\/2019\/05\/3250FC82-6EAE-4618-BDCF-BCB9BCC8FCD4-300x298.jpeg 300w, http:\/\/www.ced.org.tr\/wp-content\/uploads\/2019\/05\/3250FC82-6EAE-4618-BDCF-BCB9BCC8FCD4-200x200.jpeg 200w, http:\/\/www.ced.org.tr\/wp-content\/uploads\/2019\/05\/3250FC82-6EAE-4618-BDCF-BCB9BCC8FCD4-160x160.jpeg 160w\" sizes=\"auto, (max-width: 750px) 100vw, 750px\" \/><\/figure>\n\n\n","protected":false},"excerpt":{"rendered":"","protected":false},"author":1,"featured_media":6098,"comment_status":"closed","ping_status":"closed","sticky":false,"template":"","format":"standard","meta":{"_jetpack_memberships_contains_paid_content":false,"footnotes":""},"categories":[60],"tags":[],"class_list":["post-6097","post","type-post","status-publish","format-standard","has-post-thumbnail","hentry","category-etkinlik"],"aioseo_notices":[],"jetpack_featured_media_url":"http:\/\/www.ced.org.tr\/wp-content\/uploads\/2019\/05\/3250FC82-6EAE-4618-BDCF-BCB9BCC8FCD4.jpeg","jetpack_sharing_enabled":true,"jetpack-related-posts":[],"_links":{"self":[{"href":"http:\/\/www.ced.org.tr\/index.php?rest_route=\/wp\/v2\/posts\/6097","targetHints":{"allow":["GET"]}}],"collection":[{"href":"http:\/\/www.ced.org.tr\/index.php?rest_route=\/wp\/v2\/posts"}],"about":[{"href":"http:\/\/www.ced.org.tr\/index.php?rest_route=\/wp\/v2\/types\/post"}],"author":[{"embeddable":true,"href":"http:\/\/www.ced.org.tr\/index.php?rest_route=\/wp\/v2\/users\/1"}],"replies":[{"embeddable":true,"href":"http:\/\/www.ced.org.tr\/index.php?rest_route=%2Fwp%2Fv2%2Fcomments&post=6097"}],"version-history":[{"count":3,"href":"http:\/\/www.ced.org.tr\/index.php?rest_route=\/wp\/v2\/posts\/6097\/revisions"}],"predecessor-version":[{"id":6624,"href":"http:\/\/www.ced.org.tr\/index.php?rest_route=\/wp\/v2\/posts\/6097\/revisions\/6624"}],"wp:featuredmedia":[{"embeddable":true,"href":"http:\/\/www.ced.org.tr\/index.php?rest_route=\/wp\/v2\/media\/6098"}],"wp:attachment":[{"href":"http:\/\/www.ced.org.tr\/index.php?rest_route=%2Fwp%2Fv2%2Fmedia&parent=6097"}],"wp:term":[{"taxonomy":"category","embeddable":true,"href":"http:\/\/www.ced.org.tr\/index.php?rest_route=%2Fwp%2Fv2%2Fcategories&post=6097"},{"taxonomy":"post_tag","embeddable":true,"href":"http:\/\/www.ced.org.tr\/index.php?rest_route=%2Fwp%2Fv2%2Ftags&post=6097"}],"curies":[{"name":"wp","href":"https:\/\/api.w.org\/{rel}","templated":true}]}}