{"id":6102,"date":"2019-05-09T13:25:07","date_gmt":"2019-05-09T10:25:07","guid":{"rendered":"http:\/\/www.ced.org.tr\/?p=6102"},"modified":"2019-05-09T13:25:10","modified_gmt":"2019-05-09T10:25:10","slug":"eczaci-kamuoyuna-5","status":"publish","type":"post","link":"http:\/\/www.ced.org.tr\/?p=6102","title":{"rendered":"Eczac\u0131 Kamuoyuna"},"content":{"rendered":"\n<p>Eczac\u0131 Kamuoyuna<br>\nY\u00fcksek Se\u00e7im Kurulunun 06.05.2019 tarihinde yap\u0131lan Istanbul B\u00fcy\u00fck\u015fehir Belediye Ba\u015fkanl\u0131\u011f\u0131 se\u00e7imlerini yenileme karar\u0131n\u0131, kamu vicdan\u0131n\u0131 yaralayan, siyasi bir karar olarak de\u011ferlendiriyoruz. <br>\nBu karar\u0131n, \u00fclkemizin demokrasisi, hukuku ve siyasal ya\u015fam\u0131nda derin izler b\u0131rakaca\u011f\u0131n\u0131 belirtmek isteriz. <br>\nSayg\u0131lar\u0131m\u0131zla\u2026<br>\n\u00c7a\u011fda\u015f Eczac\u0131lar Derne\u011fi Genel Merkezi<\/p>\n","protected":false},"excerpt":{"rendered":"<p>Eczac\u0131 Kamuoyuna Y\u00fcksek Se\u00e7im Kurulunun 06.05.2019 tarihinde yap\u0131lan Istanbul B\u00fcy\u00fck\u015fehir Belediye Ba\u015fkanl\u0131\u011f\u0131 se\u00e7imlerini yenileme karar\u0131n\u0131, kamu vicdan\u0131n\u0131 yaralayan, siyasi bir&#46;&#46;&#46;<\/p>\n","protected":false},"author":1,"featured_media":5917,"comment_status":"closed","ping_status":"closed","sticky":false,"template":"","format":"standard","meta":{"_jetpack_memberships_contains_paid_content":false,"footnotes":""},"categories":[1,1234],"tags":[],"class_list":["post-6102","post","type-post","status-publish","format-standard","has-post-thumbnail","hentry","category-ced","category-duyuru"],"aioseo_notices":[],"jetpack_featured_media_url":"http:\/\/www.ced.org.tr\/wp-content\/uploads\/2018\/08\/loge\u00e7a\u011fda\u015f-kopya-e1534576680113.png","jetpack_sharing_enabled":true,"jetpack-related-posts":[],"_links":{"self":[{"href":"http:\/\/www.ced.org.tr\/index.php?rest_route=\/wp\/v2\/posts\/6102","targetHints":{"allow":["GET"]}}],"collection":[{"href":"http:\/\/www.ced.org.tr\/index.php?rest_route=\/wp\/v2\/posts"}],"about":[{"href":"http:\/\/www.ced.org.tr\/index.php?rest_route=\/wp\/v2\/types\/post"}],"author":[{"embeddable":true,"href":"http:\/\/www.ced.org.tr\/index.php?rest_route=\/wp\/v2\/users\/1"}],"replies":[{"embeddable":true,"href":"http:\/\/www.ced.org.tr\/index.php?rest_route=%2Fwp%2Fv2%2Fcomments&post=6102"}],"version-history":[{"count":1,"href":"http:\/\/www.ced.org.tr\/index.php?rest_route=\/wp\/v2\/posts\/6102\/revisions"}],"predecessor-version":[{"id":6103,"href":"http:\/\/www.ced.org.tr\/index.php?rest_route=\/wp\/v2\/posts\/6102\/revisions\/6103"}],"wp:featuredmedia":[{"embeddable":true,"href":"http:\/\/www.ced.org.tr\/index.php?rest_route=\/wp\/v2\/media\/5917"}],"wp:attachment":[{"href":"http:\/\/www.ced.org.tr\/index.php?rest_route=%2Fwp%2Fv2%2Fmedia&parent=6102"}],"wp:term":[{"taxonomy":"category","embeddable":true,"href":"http:\/\/www.ced.org.tr\/index.php?rest_route=%2Fwp%2Fv2%2Fcategories&post=6102"},{"taxonomy":"post_tag","embeddable":true,"href":"http:\/\/www.ced.org.tr\/index.php?rest_route=%2Fwp%2Fv2%2Ftags&post=6102"}],"curies":[{"name":"wp","href":"https:\/\/api.w.org\/{rel}","templated":true}]}}