{"id":6127,"date":"2019-08-02T19:30:23","date_gmt":"2019-08-02T16:30:23","guid":{"rendered":"http:\/\/www.ced.org.tr\/?p=6127"},"modified":"2019-08-02T19:30:25","modified_gmt":"2019-08-02T16:30:25","slug":"yardimci-eczacilik-konusunda-durusumuz-net-tavrimiz-bellidir","status":"publish","type":"post","link":"http:\/\/www.ced.org.tr\/?p=6127","title":{"rendered":"YARDIMCI ECZACILIK KONUSUNDA DURU\u015eUMUZ NET TAVRIMIZ BELL\u0130D\u0130R"},"content":{"rendered":"\n<p><strong>YARDIMCI ECZACILIK KONUSUNDA DURU\u015eUMUZ NET TAVRIMIZ BELL\u0130D\u0130R<\/strong><\/p>\n\n\n\n<p>Bildi\u011fimiz gibi 6197 say\u0131l\u0131 yasay\u0131 de\u011fi\u015ftiren 6308 say\u0131l\u0131 yasa ile eczane a\u00e7abilme ko\u015fullar\u0131 aras\u0131na 1 y\u0131l yard\u0131mc\u0131 eczac\u0131l\u0131k yapma zorunlulu\u011fu getirildi.<\/p>\n\n\n\n<p>Biz \u00c7a\u011fda\u015f Eczac\u0131lar Derne\u011fi\u00a0olarak bilimin \u0131\u015f\u0131\u011f\u0131nda \u00e7a\u011f\u0131 takip eden anlay\u0131\u015f\u0131m\u0131zla d\u00fcnyada bu konuda 2 uygulaman\u0131n oldu\u011funu biliyoruz;<\/p>\n\n\n\n<p>1)\u00a0Board s\u0131nav\u0131na girip kazanarak\u00a0<\/p>\n\n\n\n<p>2)\u00a0Yard\u0131mc\u0131 eczac\u0131l\u0131k yaparak eczane a\u00e7\u0131l\u0131r.<\/p>\n\n\n\n<p>Lakin g\u00fcn\u00fc kurtarmak ad\u0131na getirilmi\u015f ve ge\u00e7ti\u011fimiz aylarda kald\u0131r\u0131lmas\u0131 g\u00fcndeme geldi\u011finde herkesin kar\u015f\u0131 olmas\u0131na ra\u011fmen TEB ve \u0130EO taraf\u0131ndan desteklenen uygulama \u00fclkemizde y\u00fcr\u00fcmez.<\/p>\n\n\n\n<p><strong>NEDEN<\/strong><\/p>\n\n\n\n<p>1)\u00a0Hem gen\u00e7 mezunlar\u0131m\u0131z hem de eczac\u0131lar\u0131m\u0131z i\u00e7in bir dayatmad\u0131r.<\/p>\n\n\n\n<p>2)\u00a0Bir\u00a0y\u0131l sonunda\u00a0yeniden i\u015f aray\u0131\u015f\u0131na girecek gen\u00e7 mezunlar\u0131n istihdam sorununu \u00e7\u00f6zecek bir anlay\u0131\u015f de\u011fildir.<\/p>\n\n\n\n<p>3)\u00a0TEB ve\u00a0\u0130EO\u2019nun\u00a0dedi\u011fi gibi 1 y\u0131l sonra \u00e7al\u0131\u015ft\u0131\u011f\u0131 eczanede mesle\u011fine devam eder asl\u0131nda bu bir istihdam yoludur\u00a0dedi\u011fi sistem y\u0131lda 3000\u2019\u00fc a\u015fk\u0131n\u00a0mezun verdi\u011fimiz mesle\u011fimizde bu ekonomik \u015fartlarda ka\u00e7 y\u0131l daha s\u00fcrecektir ve bu nas\u0131l kal\u0131c\u0131 bir\u00a0\u00e7\u00f6z\u00fcmd\u00fcr ?<\/p>\n\n\n\n<p>4)\u00a0Herhangi bir te\u015fvik,\u00a0vergi\u00a0indirimi\u00a0,sigorta\u00a0deste\u011fi verilmeyen eczac\u0131lar\u0131m\u0131z bu uygulamayla birlikte 4.000 liray\u0131 ge\u00e7en\u00a0ekonomik zorluk bindirilmektedir.<\/p>\n\n\n\n<p>5)\u00a05 y\u0131ll\u0131k uzun ve zorlu bir e\u011fitimin s\u00fcrecinden sonra\u00a0minumum\u00a0120 g\u00fcn staj yapan bir mezunun staj s\u00fcresi yeterli de\u011fil\u00a0midir ?\u00a0\u00a0E\u011fer bu s\u00fcre\u00e7 yeterli de\u011filse veya bo\u015f ge\u00e7iriliyorsa TEB ve odalar neden kontrol mekanizmalar\u0131n\u0131 devreye sokup bu s\u00fcreci denetlemiyor aksine mezunlar\u0131 yetersiz g\u00f6r\u00fcyordur.<\/p>\n\n\n\n<p>6)\u00a04000-5000 aras\u0131 olan yard\u0131mc\u0131 eczac\u0131 \u00e7al\u0131\u015ft\u0131racak eczane say\u0131s\u0131 her y\u0131l verdi\u011fimiz 3500 mezunla ka\u00e7 y\u0131l daha ilerleyecektir.<\/p>\n\n\n\n<p>7)\u00a0Atanamad\u0131\u011f\u0131 hastane eczanesi,\u00a0a\u00e7amad\u0131\u011f\u0131 eczane,giremedi\u011fi \u00fcniversite kadrolar\u0131,\u00a0yerle\u015femedi\u011fi k\u0131s\u0131tl\u0131 uzmanl\u0131k kadrolar\u0131yla ka\u00e7 mezunu kald\u0131racak bir eczane istihdam\u0131na sahibiz.<\/p>\n\n\n\n<p><strong>\u00c7\u00d6Z\u00dcM<\/strong><\/p>\n\n\n\n<p>1.\u00a0Yard\u0131mc\u0131 eczac\u0131 istihdam\u0131 sa\u011flayacak eczanelere vergi indirimi,\u00a0te\u015fvik,\u00a0sigorta deste\u011fi gibi mali destekler sa\u011flanmal\u0131d\u0131r.<\/p>\n\n\n\n<p>2.\u00a0Gen\u00e7 mezunumuzun 1 y\u0131l\u0131n\u0131 almak yerine onlara mezun oldu\u011funda daha iyi bir gelecek sunmal\u0131y\u0131z.<\/p>\n\n\n\n<p>\u2022\u00a0Hastane eczanesi kadrolar\u0131 artt\u0131r\u0131lmal\u0131d\u0131r.<\/p>\n\n\n\n<p>\u2022\u00a0Uzmanl\u0131k s\u0131nav\u0131 kadrolar\u0131 Sa\u011fl\u0131k Bakanl\u0131\u011f\u0131na ge\u00e7ip geni\u015flemelidir.<\/p>\n\n\n\n<p>\u2022\u00a0Akademiye \u00f6nem verilmelidir.<\/p>\n\n\n\n<p>\u2022\u00a0Kliniklerde eczac\u0131 istihdam\u0131 artmal\u0131d\u0131r.<\/p>\n\n\n\n<p>3)\u00a0TEB ve \u0130EO\u00a0nun\u00a0her sene bu sene diye belirtti\u011fi eczac\u0131l\u0131\u011fa ba\u015far\u0131 s\u0131ras\u0131 baraj\u0131 en yak\u0131n zamanda getirilip mesle\u011fin ba\u015far\u0131 s\u0131ralamas\u0131 gerilemesi durdurulmal\u0131d\u0131r.<\/p>\n\n\n\n<p>4)\u00a0Gerekli kontrol mekanizmalar\u0131n\u0131 devreye sokup 5.s\u0131n\u0131ftaki uzun d\u00f6nem staj\u0131n\u0131n en verimli ge\u00e7mesi i\u00e7in Akademik kadrolarla isti\u015fare neticesinde denetim mekanizmalar\u0131 geli\u015ftirilmelidir.<\/p>\n\n\n\n<p><\/p>\n","protected":false},"excerpt":{"rendered":"<p>YARDIMCI ECZACILIK KONUSUNDA DURU\u015eUMUZ NET TAVRIMIZ BELL\u0130D\u0130R Bildi\u011fimiz gibi 6197 say\u0131l\u0131 yasay\u0131 de\u011fi\u015ftiren 6308 say\u0131l\u0131 yasa ile eczane a\u00e7abilme ko\u015fullar\u0131&#46;&#46;&#46;<\/p>\n","protected":false},"author":1,"featured_media":5914,"comment_status":"closed","ping_status":"closed","sticky":false,"template":"","format":"standard","meta":{"_jetpack_memberships_contains_paid_content":false,"footnotes":""},"categories":[1,1234],"tags":[1239],"class_list":["post-6127","post","type-post","status-publish","format-standard","has-post-thumbnail","hentry","category-ced","category-duyuru","tag-bos"],"aioseo_notices":[],"jetpack_featured_media_url":"http:\/\/www.ced.org.tr\/wp-content\/uploads\/2018\/08\/loge\u00e7a\u011fda\u015f-daire-lilal\u0131.png","jetpack_sharing_enabled":true,"jetpack-related-posts":[],"_links":{"self":[{"href":"http:\/\/www.ced.org.tr\/index.php?rest_route=\/wp\/v2\/posts\/6127","targetHints":{"allow":["GET"]}}],"collection":[{"href":"http:\/\/www.ced.org.tr\/index.php?rest_route=\/wp\/v2\/posts"}],"about":[{"href":"http:\/\/www.ced.org.tr\/index.php?rest_route=\/wp\/v2\/types\/post"}],"author":[{"embeddable":true,"href":"http:\/\/www.ced.org.tr\/index.php?rest_route=\/wp\/v2\/users\/1"}],"replies":[{"embeddable":true,"href":"http:\/\/www.ced.org.tr\/index.php?rest_route=%2Fwp%2Fv2%2Fcomments&post=6127"}],"version-history":[{"count":1,"href":"http:\/\/www.ced.org.tr\/index.php?rest_route=\/wp\/v2\/posts\/6127\/revisions"}],"predecessor-version":[{"id":6128,"href":"http:\/\/www.ced.org.tr\/index.php?rest_route=\/wp\/v2\/posts\/6127\/revisions\/6128"}],"wp:featuredmedia":[{"embeddable":true,"href":"http:\/\/www.ced.org.tr\/index.php?rest_route=\/wp\/v2\/media\/5914"}],"wp:attachment":[{"href":"http:\/\/www.ced.org.tr\/index.php?rest_route=%2Fwp%2Fv2%2Fmedia&parent=6127"}],"wp:term":[{"taxonomy":"category","embeddable":true,"href":"http:\/\/www.ced.org.tr\/index.php?rest_route=%2Fwp%2Fv2%2Fcategories&post=6127"},{"taxonomy":"post_tag","embeddable":true,"href":"http:\/\/www.ced.org.tr\/index.php?rest_route=%2Fwp%2Fv2%2Ftags&post=6127"}],"curies":[{"name":"wp","href":"https:\/\/api.w.org\/{rel}","templated":true}]}}