{"id":6198,"date":"2020-02-25T12:46:34","date_gmt":"2020-02-25T09:46:34","guid":{"rendered":"http:\/\/www.ced.org.tr\/?p=6198"},"modified":"2021-04-01T11:27:10","modified_gmt":"2021-04-01T08:27:10","slug":"cagdas-eczacilar-dernegi-istanbul-subesi-genel-kurul-cagrisi-2","status":"publish","type":"post","link":"http:\/\/www.ced.org.tr\/?p=6198","title":{"rendered":"\u00c7A\u011eDA\u015e ECZACILAR DERNE\u011e\u0130 \u0130STANBUL \u015eUBES\u0130 GENEL KURUL \u00c7A\u011eRISI"},"content":{"rendered":"\n<p><strong> \u00c7A\u011eDA\u015e ECZACILAR DERNE\u011e\u0130 \u0130STANBUL \u015eUBES\u0130 9. OLA\u011eAN GENEL KURULU <\/strong><\/p>\n\n\n\n<p>Derne\u011fimizin 9. Ola\u011fan Genel Kurulu 15 Mart 2020 Pazar g\u00fcn\u00fc saat 12.00\u2019de a\u015fa\u011f\u0131da belirtilen g\u00fcndemle Ergenekon Cad. P\u0131nar Apt. No:65 (yeni no:31) Kat:6 D.15, Pangalt\u0131\/\u0130stanbul adresindeki dernek merkezimizde \u00e7o\u011funluk aranarak, belirtilen tarihte \u00e7o\u011funluk sa\u011flanamad\u0131\u011f\u0131 takdirde 22 Mart 2020 Pazar g\u00fcn\u00fc saat 12.00\u2019de ayn\u0131 adreste \u00e7o\u011funluk aranmaks\u0131z\u0131n ger\u00e7ekle\u015ftirilecektir.<\/p>\n\n\n\n<p>Sayg\u0131lar\u0131m\u0131zla,<\/p>\n\n\n\n<p>Y\u00f6netim Kurulu<\/p>\n\n\n\n<p><strong>Genel Kurul G\u00fcndemi<\/strong><\/p>\n\n\n\n<ol class=\"wp-block-list\"><li> &nbsp;&nbsp;A\u00e7\u0131l\u0131\u015f ve yoklama<\/li><li> &nbsp;&nbsp;Kongre ba\u015fkanl\u0131k divan\u0131n\u0131n se\u00e7imi<\/li><li> &nbsp;&nbsp;Sayg\u0131 duru\u015fu<\/li><li> &nbsp;&nbsp;Y\u00f6netim kurulu \u00e7al\u0131\u015fma raporunun sunulmas\u0131<\/li><li> &nbsp;&nbsp;Denetleme kurulu raporunun sunulmas\u0131<\/li><li> &nbsp;&nbsp;Raporlar \u00fczerine g\u00f6r\u00fc\u015fmeler<\/li><li> &nbsp;&nbsp;Y\u00f6netim ve denetleme kurullar\u0131n\u0131n ayr\u0131 ayr\u0131 ibras\u0131<\/li><li> &nbsp;&nbsp;Tahmini b\u00fct\u00e7enin g\u00f6r\u00fc\u015f\u00fclerek onaylanmas\u0131<\/li><li> &nbsp;&nbsp;Y\u00f6netim kurulu, denetleme kurulu ve genel merkez delegelerinin se\u00e7imi<\/li><li> &nbsp;Dilek ve \u00f6neriler<\/li><li> &nbsp;Kapan\u0131\u015f<\/li><\/ol>\n","protected":false},"excerpt":{"rendered":"<p>\u00c7A\u011eDA\u015e ECZACILAR DERNE\u011e\u0130 \u0130STANBUL \u015eUBES\u0130 9. OLA\u011eAN GENEL KURULU Derne\u011fimizin 9. Ola\u011fan Genel Kurulu 15 Mart 2020 Pazar g\u00fcn\u00fc saat&#46;&#46;&#46;<\/p>\n","protected":false},"author":1,"featured_media":5917,"comment_status":"closed","ping_status":"closed","sticky":false,"template":"","format":"standard","meta":{"_jetpack_memberships_contains_paid_content":false,"footnotes":""},"categories":[1234,60,64],"tags":[],"class_list":["post-6198","post","type-post","status-publish","format-standard","has-post-thumbnail","hentry","category-duyuru","category-etkinlik","category-mevzuat"],"aioseo_notices":[],"jetpack_featured_media_url":"http:\/\/www.ced.org.tr\/wp-content\/uploads\/2018\/08\/loge\u00e7a\u011fda\u015f-kopya-e1534576680113.png","jetpack_sharing_enabled":true,"jetpack-related-posts":[],"_links":{"self":[{"href":"http:\/\/www.ced.org.tr\/index.php?rest_route=\/wp\/v2\/posts\/6198","targetHints":{"allow":["GET"]}}],"collection":[{"href":"http:\/\/www.ced.org.tr\/index.php?rest_route=\/wp\/v2\/posts"}],"about":[{"href":"http:\/\/www.ced.org.tr\/index.php?rest_route=\/wp\/v2\/types\/post"}],"author":[{"embeddable":true,"href":"http:\/\/www.ced.org.tr\/index.php?rest_route=\/wp\/v2\/users\/1"}],"replies":[{"embeddable":true,"href":"http:\/\/www.ced.org.tr\/index.php?rest_route=%2Fwp%2Fv2%2Fcomments&post=6198"}],"version-history":[{"count":1,"href":"http:\/\/www.ced.org.tr\/index.php?rest_route=\/wp\/v2\/posts\/6198\/revisions"}],"predecessor-version":[{"id":6199,"href":"http:\/\/www.ced.org.tr\/index.php?rest_route=\/wp\/v2\/posts\/6198\/revisions\/6199"}],"wp:featuredmedia":[{"embeddable":true,"href":"http:\/\/www.ced.org.tr\/index.php?rest_route=\/wp\/v2\/media\/5917"}],"wp:attachment":[{"href":"http:\/\/www.ced.org.tr\/index.php?rest_route=%2Fwp%2Fv2%2Fmedia&parent=6198"}],"wp:term":[{"taxonomy":"category","embeddable":true,"href":"http:\/\/www.ced.org.tr\/index.php?rest_route=%2Fwp%2Fv2%2Fcategories&post=6198"},{"taxonomy":"post_tag","embeddable":true,"href":"http:\/\/www.ced.org.tr\/index.php?rest_route=%2Fwp%2Fv2%2Ftags&post=6198"}],"curies":[{"name":"wp","href":"https:\/\/api.w.org\/{rel}","templated":true}]}}