{"id":6244,"date":"2020-04-09T12:30:09","date_gmt":"2020-04-09T09:30:09","guid":{"rendered":"http:\/\/www.ced.org.tr\/?p=6244"},"modified":"2021-03-14T21:20:33","modified_gmt":"2021-03-14T18:20:33","slug":"olagan-ustu-durumlarda-eczacilik","status":"publish","type":"post","link":"http:\/\/www.ced.org.tr\/?p=6244","title":{"rendered":"OLA\u011eAN \u00dcST\u00dc DURUMLARDA ECZACILIK"},"content":{"rendered":"\n<p><\/p>\n\n\n\n<p>&nbsp;2011 Van depreminde i\u00e7lerinde rahmetli Ecz. Rafet \u015eahin\u2019 in de oldu\u011fu bir grup \u0130stanbul Eczac\u0131s\u0131 g\u00f6n\u00fcll\u00fc olarak evlerinden kilometrelerce uzakta; yetersiz bar\u0131nma, \u0131s\u0131nma, yiyecek ve olumsuz hijyen ko\u015fullar\u0131nda art\u00e7\u0131 depremlerin devam etti\u011fi s\u0131rada (\u0130ki hafta sonra meydana gelen ikinci depremde Bayram Otel\u2019 de aralar\u0131nda gazetecilerinde oldu\u011fu 24 can kayb\u0131 ya\u015fand\u0131.) sa\u011fl\u0131k hizmeti sunduklar\u0131n\u0131n gururlu tan\u0131\u011f\u0131y\u0131m.<\/p>\n\n\n\n<p>Sa\u011fl\u0131k otoritesinin yetersiz kald\u0131\u011f\u0131 durumlarda gerek otoritenin gerekse kamunun g\u00f6revlendirme ve\/ veya g\u00f6n\u00fcll\u00fcl\u00fck esas\u0131na dayanarak eczac\u0131dan beklentisi olursa tavr\u0131m\u0131z ne olacak!!!<\/p>\n\n\n\n<p>Uzmanlar\u0131n a\u00e7\u0131klamalar\u0131n da Covit-19 salg\u0131n\u0131n kontrol alt\u0131na al\u0131nmas\u0131nda di\u011fer \u00fclkelere g\u00f6re daha ba\u015far\u0131l\u0131 olan G\u00fcney Kore, Tayvan, Hong&nbsp;&nbsp;Kong,&nbsp;&nbsp;Singapur\u2019 un olabildi\u011fince \u00e7ok test yapmas\u0131d\u0131r.<\/p>\n\n\n\n<p>&nbsp;&nbsp;Elimizde bu testin nas\u0131l yap\u0131ld\u0131\u011f\u0131na yapan\u0131n ne t\u00fcr risklerle kar\u015f\u0131 kar\u015f\u0131ya gelebilece\u011fi hakk\u0131nda bilimsel veriler var m\u0131d\u0131r yoksa tahminler demi bulunmaktay\u0131z. \u00c7\u00fcnk\u00fc bu \u00fclkelerde \u0131\u015f\u0131klarda duran arac\u0131n i\u00e7indekilere, yolun kar\u015f\u0131s\u0131na ge\u00e7mek i\u00e7in bekleyen yayaya bile yap\u0131ld\u0131\u011f\u0131 bir TV kanal\u0131nda bilim kurulu \u00fcyesi taraf\u0131nca dile getirildi.&nbsp;<\/p>\n\n\n\n<p>&nbsp;&nbsp;En geli\u015fmi\u015f devletlerin bile birbirlerine satm\u0131\u015f oldu\u011fu \u00fccretini ald\u0131\u011f\u0131 maske ve solunum cihazlar\u0131na el koyduklar\u0131 \u201cmodern korsanl\u0131k\u201d diye adland\u0131r\u0131lan bir s\u00fcrece girildi\u011fi g\u00f6r\u00fcl\u00fcyor. (ABD\u2019nin, Almanya\u2019n\u0131n sat\u0131n ald\u0131\u011f\u0131, Fransa\u2019n\u0131n ise \u0130spanya ve \u0130talya\u2019ya gidecek maskelere el koymas\u0131, T\u00fcrkiye\u2019nin&nbsp;&nbsp;&nbsp;\u0130talya\u2019 ya gidecek 200 bin maskeye bloke koymas\u0131)<\/p>\n\n\n\n<p>Salg\u0131n\u0131n \u015fiddetini artt\u0131rmas\u0131 ya da salg\u0131n s\u00fcresinin uzamas\u0131 durumunda geli\u015fmi\u015f \u00fclkeler bile uluslararas\u0131 hukuka ayk\u0131r\u0131 kararlar alabiliyor.<\/p>\n\n\n\n<p>\u00dclke i\u00e7inde bu malzemelerin temini ile ilgili kamu yarar\u0131n\u0131 g\u00f6zetme iddias\u0131yla ne t\u00fcr kararlar g\u00fcndeme gelebilir.<\/p>\n\n\n\n<p>Eczanelerin elinde bulunan maske vb malzemelere gerekli g\u00f6r\u00fcl\u00fcrse bedelsiz el konulabilir mi? (Denetimler sonucu verilen para cezalar\u0131na; ilerde bu uygulaman\u0131n \u00f6n\u00fcn\u00fc a\u00e7abilecek; dolayl\u0131 kamula\u015ft\u0131rma da denilebilir)<\/p>\n\n\n\n<p>Daha fazla mesai ve n\u00f6bet, kurumdan alacaklar\u0131n ertelenmesi, k\u0131smi veya tam kamula\u015ft\u0131rma, g\u00f6n\u00fcll\u00fcl\u00fck d\u0131\u015f\u0131nda riskli yerlerde g\u00f6revlendirilme, ihtiya\u00e7 halinde g\u00fcndeme gelirse eczac\u0131 ihtiya\u00e7 duyaca\u011f\u0131 etik ve deontolojik \u00e7\u0131kar\u0131mlar\u0131 belki de bug\u00fcnden kendi \u00f6rg\u00fctleri ve kurumlar\u0131yla tart\u0131\u015farak olu\u015fturmal\u0131d\u0131r.<\/p>\n\n\n\n<p>&nbsp;&nbsp;Eczanelerinde, kamu ve \u00f6zel sekt\u00f6rde \u00f6zveriyle \u00e7al\u0131\u015fan eczac\u0131lar d\u00fcnyan\u0131n haz\u0131rl\u0131ks\u0131z yakaland\u0131\u011f\u0131 bu salg\u0131nda bu kadar bilinmezli\u011fin i\u00e7inde kendilerinin, \u00e7al\u0131\u015fanlar\u0131n\u0131n&nbsp;&nbsp;&nbsp;ve ailelerinin sa\u011fl\u0131\u011f\u0131 i\u00e7in gerekli t\u00fcm \u00f6nlemleri almal\u0131, sorumlu oldu\u011fumuz kamu sa\u011fl\u0131\u011f\u0131n\u0131n sorunlar\u0131n\u0131n \u00e7\u00f6z\u00fcmlerinde kendi i\u00e7inde g\u00f6r\u00fc\u015f, \u00f6neri ve fikirlerin sunulabildi\u011fi \u015feffaf, bilime dayal\u0131 yap\u0131lar\u0131n\u0131 kurup di\u011fer kurumlar ve kurulu\u015flarla birlikte hareket etmelidir.<\/p>\n\n\n\n<p>&nbsp;&nbsp;&nbsp;&nbsp;&nbsp;&nbsp;&nbsp;&nbsp;&nbsp;&nbsp;&nbsp;&nbsp;&nbsp;&nbsp;&nbsp;&nbsp;&nbsp;&nbsp;&nbsp;&nbsp;&nbsp;&nbsp;&nbsp;Ecz. Sidar D\u0130KEN<\/p>\n","protected":false},"excerpt":{"rendered":"<p>&nbsp;2011 Van depreminde i\u00e7lerinde rahmetli Ecz. Rafet \u015eahin\u2019 in de oldu\u011fu bir grup \u0130stanbul Eczac\u0131s\u0131 g\u00f6n\u00fcll\u00fc olarak evlerinden kilometrelerce uzakta;&#46;&#46;&#46;<\/p>\n","protected":false},"author":25,"featured_media":5914,"comment_status":"closed","ping_status":"closed","sticky":false,"template":"","format":"standard","meta":{"_jetpack_memberships_contains_paid_content":false,"footnotes":""},"categories":[1240,40],"tags":[1239],"class_list":["post-6244","post","type-post","status-publish","format-standard","has-post-thumbnail","hentry","category-ecz-sidar-diken","category-yazarlar","tag-bos"],"aioseo_notices":[],"jetpack_featured_media_url":"http:\/\/www.ced.org.tr\/wp-content\/uploads\/2018\/08\/loge\u00e7a\u011fda\u015f-daire-lilal\u0131.png","jetpack_sharing_enabled":true,"jetpack-related-posts":[],"_links":{"self":[{"href":"http:\/\/www.ced.org.tr\/index.php?rest_route=\/wp\/v2\/posts\/6244","targetHints":{"allow":["GET"]}}],"collection":[{"href":"http:\/\/www.ced.org.tr\/index.php?rest_route=\/wp\/v2\/posts"}],"about":[{"href":"http:\/\/www.ced.org.tr\/index.php?rest_route=\/wp\/v2\/types\/post"}],"author":[{"embeddable":true,"href":"http:\/\/www.ced.org.tr\/index.php?rest_route=\/wp\/v2\/users\/25"}],"replies":[{"embeddable":true,"href":"http:\/\/www.ced.org.tr\/index.php?rest_route=%2Fwp%2Fv2%2Fcomments&post=6244"}],"version-history":[{"count":2,"href":"http:\/\/www.ced.org.tr\/index.php?rest_route=\/wp\/v2\/posts\/6244\/revisions"}],"predecessor-version":[{"id":6247,"href":"http:\/\/www.ced.org.tr\/index.php?rest_route=\/wp\/v2\/posts\/6244\/revisions\/6247"}],"wp:featuredmedia":[{"embeddable":true,"href":"http:\/\/www.ced.org.tr\/index.php?rest_route=\/wp\/v2\/media\/5914"}],"wp:attachment":[{"href":"http:\/\/www.ced.org.tr\/index.php?rest_route=%2Fwp%2Fv2%2Fmedia&parent=6244"}],"wp:term":[{"taxonomy":"category","embeddable":true,"href":"http:\/\/www.ced.org.tr\/index.php?rest_route=%2Fwp%2Fv2%2Fcategories&post=6244"},{"taxonomy":"post_tag","embeddable":true,"href":"http:\/\/www.ced.org.tr\/index.php?rest_route=%2Fwp%2Fv2%2Ftags&post=6244"}],"curies":[{"name":"wp","href":"https:\/\/api.w.org\/{rel}","templated":true}]}}