{"id":6368,"date":"2022-03-08T00:01:00","date_gmt":"2022-03-07T21:01:00","guid":{"rendered":"http:\/\/www.ced.org.tr\/?p=6368"},"modified":"2025-06-16T12:07:53","modified_gmt":"2025-06-16T09:07:53","slug":"8-mart-dunya-emekci-kadinlar-gunu-kutlu-olsun-3","status":"publish","type":"post","link":"http:\/\/www.ced.org.tr\/?p=6368","title":{"rendered":"8 Mart D\u00fcnya Emek\u00e7i Kad\u0131nlar G\u00fcn\u00fc Kutlu Olsun"},"content":{"rendered":"\n<div class=\"wp-block-image is-style-rounded\"><figure class=\"aligncenter size-large\"><a href=\"http:\/\/www.ced.org.tr\/wp-content\/uploads\/2021\/03\/DUNYA8MARTEMEKCIKADINLARGUNU.jpeg\"><img loading=\"lazy\" decoding=\"async\" width=\"759\" height=\"422\" src=\"http:\/\/www.ced.org.tr\/wp-content\/uploads\/2021\/03\/DUNYA8MARTEMEKCIKADINLARGUNU.jpeg\" alt=\"\" class=\"wp-image-6369\" srcset=\"http:\/\/www.ced.org.tr\/wp-content\/uploads\/2021\/03\/DUNYA8MARTEMEKCIKADINLARGUNU.jpeg 759w, http:\/\/www.ced.org.tr\/wp-content\/uploads\/2021\/03\/DUNYA8MARTEMEKCIKADINLARGUNU-300x167.jpeg 300w\" sizes=\"auto, (max-width: 759px) 100vw, 759px\" \/><\/a><\/figure><\/div>\n\n\n\n<p class=\"has-text-align-center\">8 Mart D\u00fcnya Emek\u00e7i Kad\u0131nlar g\u00fcn\u00fc kutlu olsun. \u00c7A\u011eDA\u015e ECZACILAR DERNE\u011e\u0130 olarak bug\u00fcne kadar oldu\u011fu gibi, e\u015fitlik ve \u00f6zg\u00fcrl\u00fck m\u00fccadelesinde kad\u0131nlarla birlikteyiz.<\/p>\n","protected":false},"excerpt":{"rendered":"<p>8 Mart D\u00fcnya Emek\u00e7i Kad\u0131nlar g\u00fcn\u00fc kutlu olsun. \u00c7A\u011eDA\u015e ECZACILAR DERNE\u011e\u0130 olarak bug\u00fcne kadar oldu\u011fu gibi, e\u015fitlik ve \u00f6zg\u00fcrl\u00fck m\u00fccadelesinde&#46;&#46;&#46;<\/p>\n","protected":false},"author":1,"featured_media":6369,"comment_status":"closed","ping_status":"closed","sticky":false,"template":"","format":"standard","meta":{"_jetpack_memberships_contains_paid_content":false,"footnotes":""},"categories":[1234,60],"tags":[],"class_list":["post-6368","post","type-post","status-publish","format-standard","has-post-thumbnail","hentry","category-duyuru","category-etkinlik"],"aioseo_notices":[],"jetpack_featured_media_url":"http:\/\/www.ced.org.tr\/wp-content\/uploads\/2021\/03\/DUNYA8MARTEMEKCIKADINLARGUNU.jpeg","jetpack_sharing_enabled":true,"jetpack-related-posts":[],"_links":{"self":[{"href":"http:\/\/www.ced.org.tr\/index.php?rest_route=\/wp\/v2\/posts\/6368","targetHints":{"allow":["GET"]}}],"collection":[{"href":"http:\/\/www.ced.org.tr\/index.php?rest_route=\/wp\/v2\/posts"}],"about":[{"href":"http:\/\/www.ced.org.tr\/index.php?rest_route=\/wp\/v2\/types\/post"}],"author":[{"embeddable":true,"href":"http:\/\/www.ced.org.tr\/index.php?rest_route=\/wp\/v2\/users\/1"}],"replies":[{"embeddable":true,"href":"http:\/\/www.ced.org.tr\/index.php?rest_route=%2Fwp%2Fv2%2Fcomments&post=6368"}],"version-history":[{"count":3,"href":"http:\/\/www.ced.org.tr\/index.php?rest_route=\/wp\/v2\/posts\/6368\/revisions"}],"predecessor-version":[{"id":6581,"href":"http:\/\/www.ced.org.tr\/index.php?rest_route=\/wp\/v2\/posts\/6368\/revisions\/6581"}],"wp:featuredmedia":[{"embeddable":true,"href":"http:\/\/www.ced.org.tr\/index.php?rest_route=\/wp\/v2\/media\/6369"}],"wp:attachment":[{"href":"http:\/\/www.ced.org.tr\/index.php?rest_route=%2Fwp%2Fv2%2Fmedia&parent=6368"}],"wp:term":[{"taxonomy":"category","embeddable":true,"href":"http:\/\/www.ced.org.tr\/index.php?rest_route=%2Fwp%2Fv2%2Fcategories&post=6368"},{"taxonomy":"post_tag","embeddable":true,"href":"http:\/\/www.ced.org.tr\/index.php?rest_route=%2Fwp%2Fv2%2Ftags&post=6368"}],"curies":[{"name":"wp","href":"https:\/\/api.w.org\/{rel}","templated":true}]}}