{"id":6474,"date":"2021-09-21T20:33:47","date_gmt":"2021-09-21T17:33:47","guid":{"rendered":"http:\/\/www.ced.org.tr\/?p=6474"},"modified":"2025-06-16T12:06:47","modified_gmt":"2025-06-16T09:06:47","slug":"__trashed","status":"publish","type":"post","link":"http:\/\/www.ced.org.tr\/?p=6474","title":{"rendered":"SGK ve TEB&#8217;in yurtd\u0131\u015f\u0131ndan getirtti\u011fi l\u00f6semi ila\u00e7lar\u0131 sahte \u00e7\u0131kt\u0131: Kutularda l\u00f6semi hap\u0131 yerine a\u011fr\u0131 kesici tespit edildi; soru\u015fturma 2 y\u0131ld\u0131r bitmedi"},"content":{"rendered":"\n<p><a href=\"https:\/\/www.indyturk.com\/node\/414161\/haber\/sgk-ve-tebin-yurtd%C4%B1%C5%9F%C4%B1ndan-getirtti%C4%9Fi-l%C3%B6semi-ila%C3%A7lar%C4%B1-sahte-%C3%A7%C4%B1kt%C4%B1-kutularda-l%C3%B6semi?fbclid=IwAR35Zc4iFwUQaiuRu-mjq6rEX-hUATBfztfK2M6Lf6jmKEFbum8llNehxXc\" target=\"_blank\" rel=\"noreferrer noopener\">\u0130ndyturk<\/a><\/p>\n\n\n\n<h2 class=\"wp-block-heading\">T\u00fcrkiye&#8217;de \u00fcretilmeyen ila\u00e7lar, SGK ve TEB taraf\u0131ndan \u00fclkeye getiriliyor. 2019&#8217;da al\u0131nan l\u00f6semi ila\u00e7lar\u0131 sahteydi. TEB Ba\u015fkan\u0131 \u00c7olak, &#8220;Ge\u00e7mi\u015fte b\u00f6yle bir olay ya\u015fanm\u0131\u015f&#8221; dedi. Ba\u015flat\u0131lan soru\u015fturma 2 y\u0131ld\u0131r nihayetlenmedi<\/h2>\n\n\n\n<p><a href=\"https:\/\/www.indyturk.com\/taxonomy\/term\/301\">Cihat Arpac\u0131k&nbsp;<\/a><a href=\"https:\/\/twitter.com\/ArpacikCihat\">@ArpacikCihat<\/a><a href=\"mailto:\">cihad.arpacik@independentturkish.com<\/a>&nbsp;Sal\u0131 21 Eyl\u00fcl 2021 11:50<a><\/a><a><\/a><a><\/a><a><\/a><a href=\"https:\/\/www.indyturk.com\/node\/414161\/haber\/sgk-ve-tebin-yurtd%C4%B1%C5%9F%C4%B1ndan-getirtti%C4%9Fi-l%C3%B6semi-ila%C3%A7lar%C4%B1-sahte-%C3%A7%C4%B1kt%C4%B1-kutularda-l%C3%B6semi?fbclid=IwAR35Zc4iFwUQaiuRu-mjq6rEX-hUATBfztfK2M6Lf6jmKEFbum8llNehxXc#\"><\/a><\/p>\n\n\n\n<figure class=\"wp-block-image\"><img decoding=\"async\" src=\"https:\/\/www.indyturk.com\/sites\/default\/files\/styles\/1368x911\/public\/article\/main_image\/2021\/09\/21\/758341-1782603940.jpg?itok=dconKNdU\" alt=\"\"\/><\/figure>\n\n\n\n<p>2 y\u0131ld\u0131r devam eden soru\u015fturmada hasta yak\u0131nlar\u0131n\u0131n da ifadeleri al\u0131nd\u0131.&nbsp;TEB ise sahte ila\u00e7lar\u0131n ka\u00e7 ki\u015fi taraf\u0131ndan kullan\u0131ld\u0131\u011f\u0131n\u0131n tespit edilemedi\u011fini iddias\u0131nda&nbsp;\/ Foto\u011fraf: Reuters<\/p>\n\n\n\n<p>Sosyal G\u00fcvenlik Kurumu (SGK) ile T\u00fcrk Eczac\u0131lar\u0131 Birli\u011fi&#8217;nin (TEB) 2019&#8217;da yurtd\u0131\u015f\u0131ndan getirdi\u011fi l\u00f6semi ila\u00e7lar\u0131n\u0131n sahte oldu\u011fu ortaya \u00e7\u0131kt\u0131.<\/p>\n\n\n\n<p>Skandal, \u0130svi\u00e7re merkezli bir ila\u00e7 \u015firketinin edindi\u011fi Iclusig isimli l\u00f6semi ila\u00e7lar\u0131n\u0131n yasal \u015firketler d\u0131\u015f\u0131nda sahtekarlar taraf\u0131ndan \u00fcretildi\u011finden \u015f\u00fcphelenilmesiyle belirlendi.&nbsp;<\/p>\n\n\n\n<p>T\u00fcrkiye merkezli iki ila\u00e7 \u015firketi, Ekim 2018&#8217;de K\u0131br\u0131s merkezli bir \u015firketten edindi\u011fi sahte ila\u00e7lar\u0131 \u0130svi\u00e7re&#8217;ye satmak i\u00e7in teklifte bulundu.&nbsp;<\/p>\n\n\n\n<p>\u0130svi\u00e7re&#8217;nin resmi ila\u00e7 otoritesi Swissmedic, skandal\u0131n ipucuna ula\u015farak konuyu D\u00fcnya Sa\u011fl\u0131k \u00d6rg\u00fct\u00fc&#8217;ne bildirdi ve numuneler laboratuvarda incelendi.&nbsp;<\/p>\n\n\n\n<p><strong>DS\u00d6: \u0130la\u00e7 sahte,&nbsp;etken maddesi protinib de\u011fil parasetemol<\/strong><\/p>\n\n\n\n<p>\u0130ncelemede, bu ila\u00e7lar\u0131n l\u00f6semi tedavisinde kullan\u0131lan ponatinib yerine a\u011fr\u0131 kesmek i\u00e7in kullan\u0131lan parasetamol i\u00e7erdi\u011fi belirlendi.&nbsp;<\/p>\n\n\n\n<p>\u0130lac\u0131n d\u00fcnya genelindeki \u00fcreticileri, DS\u00d6&#8217;ye s\u00f6z konusu ila\u00e7lar\u0131n kendileri taraf\u0131ndan \u00fcretilmedi\u011fini, sahte ila\u00e7lar\u0131n kutular\u0131n\u0131n \u00fczerinde yaz\u0131l\u0131 olan PR072875 ve 25A19E09 parti numaras\u0131n\u0131n ger\u00e7ek \u00fcretim kay\u0131tlar\u0131na kar\u015f\u0131l\u0131k gelmedi\u011fini bildirdi.<\/p>\n\n\n\n<p>Bu s\u00fcrecin ard\u0131ndan ilac\u0131n ger\u00e7ek \u00fcreticisi olan \u015firketler, sahte ila\u00e7larla ilgili yeni bir s\u00fcre\u00e7 ba\u015flatt\u0131.<\/p>\n\n\n\n<p>\u00c7e\u015fitli \u00fclkelerde sahte l\u00f6semi ila\u00e7lar\u0131n\u0131n pazara girip girmedi\u011fi ara\u015ft\u0131r\u0131lmaya ba\u015fland\u0131.<\/p>\n\n\n\n<p>L\u00f6semi tedavisinde kullan\u0131lan Iclusig isimli ilac\u0131n mali haklar\u0131na sahip olan Takeda, T\u00fcrkiye&#8217;ye bir uzman\u0131n\u0131 g\u00f6nderdi. Sahte ila\u00e7lar\u0131n SGK ve TEB taraf\u0131ndan da al\u0131narak T\u00fcrkiye&#8217;de hastalara sat\u0131ld\u0131\u011f\u0131n\u0131 tespit eden \u015firket yetkilisi,&nbsp;savc\u0131l\u0131\u011fa su\u00e7 duyurusunda bulundu.<\/p>\n\n\n\n<p>Skandalla ilgili 2019 y\u0131l\u0131nda Ankara Cumhuriyet Ba\u015fsavc\u0131l\u0131\u011f\u0131 taraf\u0131ndan soru\u015fturma ba\u015flat\u0131ld\u0131.<\/p>\n\n\n\n<p>Japon ila\u00e7 firmas\u0131 Takeda,&nbsp;<em>Independent T\u00fcrk\u00e7e<\/em>&#8216;ye konuyla ilgili savc\u0131l\u0131\u011fa ba\u015fvurduklar\u0131n\u0131 do\u011frulad\u0131.<\/p>\n\n\n\n<p><strong>Savc\u0131l\u0131ktaki dosyaya laboratuvar incelemesi de girdi.&nbsp;<\/strong><\/p>\n\n\n\n<p>Soru\u015fturma kapsam\u0131nda SGK&#8217;n\u0131n yurtd\u0131\u015f\u0131ndan ila\u00e7 temin birimi olan \u0130bni Sina Sa\u011fl\u0131k Sosyal G\u00fcvenlik Merkezi&#8217;nde bulunan numuneler laboratuvar incelemesine g\u00f6nderildi.<\/p>\n\n\n\n<p>Sahte oldu\u011fundan \u015f\u00fcphelenilen ila\u00e7lar, Ankara \u00dcniversitesi Eczac\u0131l\u0131k Fak\u00fcltesi&#8217;nin laboratuvar\u0131nda incelendi.<\/p>\n\n\n\n<p>\u0130ncelemenin ard\u0131ndan Prof. Dr. Hakan G\u00f6ker imzas\u0131yla haz\u0131rlanan 9 Eyl\u00fcl 2019 tarihli raporda ila\u00e7lar\u0131n sahte oldu\u011fu vurguland\u0131.<\/p>\n\n\n\n<p>Ankara \u00dcniversitesi&#8217;nin raporu DS\u00d6&#8217;n\u00fcn incelemesini do\u011fruluyordu. Rapora g\u00f6re hastalara l\u00f6semi ilac\u0131 ad\u0131 alt\u0131nda sat\u0131lan haplar, protinib yerine parasetemol i\u00e7eriyordu.&nbsp;<\/p>\n\n\n\n<p>Ankara Emniyeti soru\u015fturmay\u0131 geni\u015fleterek ilac\u0131 kullanan hasta ve hasta yak\u0131nlar\u0131n\u0131n ifadelerine ba\u015fvurdu.&nbsp;<\/p>\n\n\n\n<p>Soru\u015fturma kapsam\u0131nda sahte l\u00f6semi ila\u00e7lar\u0131yla ilgili \u00e7ok say\u0131da yerel \u015firkete ula\u015f\u0131ld\u0131.&nbsp;<\/p>\n\n\n\n<figure class=\"wp-block-image\"><img decoding=\"async\" src=\"https:\/\/www.indyturk.com\/sites\/default\/files\/styles\/800xauto\/public\/thumbnails\/image\/2021\/09\/21\/758276-1934747519.jpg?itok=RDkupNkw\" alt=\"Iclusig2.jpg\" title=\"Iclusig2.jpg\"\/><\/figure>\n\n\n\n<p>Sahte \u00e7\u0131kan l\u00f6semi ila\u00e7lar\u0131n\u0131n kutular\u0131 \/ Foto\u011fraf: DS\u00d6<\/p>\n\n\n\n<p><strong>Kazakistan-K\u0131br\u0131s-T\u00fcrkiye ba\u011flant\u0131s\u0131<\/strong><\/p>\n\n\n\n<p>SBA, Genotic Pharm, Rad ve Sanera isimli ila\u00e7 \u015firketlerinin bu l\u00f6semi ila\u00e7lar\u0131n\u0131 edindi\u011fi, baz\u0131 \u015firketlerin ise ila\u00e7lar\u0131 SGK ve TEB&#8217;e satt\u0131\u011f\u0131, perakende sat\u0131\u015f fiyat\u0131 4 bin 250&nbsp;euro (43 bin 101 lira &#8211; 21 Eyl\u00fcl 2021 d\u00f6viz kuruyla)&nbsp;olan bu ilac\u0131n sahteleri i\u00e7in y\u00fcz binlerce euroya varan \u00f6demeler ald\u0131klar\u0131 kesinle\u015fti.&nbsp;<\/p>\n\n\n\n<p>Sahte ila\u00e7lar\u0131n Kazakistan merkezli Kazunion Pharma isimli bir \u015firketten temin edilerek K\u0131br\u0131s ve T\u00fcrkiye \u00fczerinden yurtd\u0131\u015f\u0131na&nbsp;g\u00f6nderilmek istendi\u011fi de tespitler aras\u0131nda yer ald\u0131.<\/p>\n\n\n\n<p>L\u00f6semi hastalar\u0131 ise, sadece a\u011fr\u0131 kesici \u00f6zelli\u011fe sahip bu ila\u00e7lar\u0131 sahte olduklar\u0131ndan habersiz bir \u015fekilde kullanm\u0131\u015ft\u0131.&nbsp;<\/p>\n\n\n\n<p>Soru\u015fturma 2019 y\u0131l\u0131ndan bu yana Ankara Cumhuriyet Ba\u015fsavc\u0131l\u0131\u011f\u0131&#8217;nda s\u00fcrse de konuyla ilgili bir dava a\u00e7\u0131lmad\u0131. &nbsp;<\/p>\n\n\n\n<p><strong>TEB: Hukuki s\u00fcre\u00e7 devam ediyor, ka\u00e7 ki\u015fiye sat\u0131ld\u0131\u011f\u0131n\u0131 tespit edemiyoruz<\/strong><\/p>\n\n\n\n<p>SGK&#8217;n\u0131n ba\u011fl\u0131 oldu\u011fu \u00c7al\u0131\u015fma ve Sosyal G\u00fcvenlik Bakanl\u0131\u011f\u0131, haberin yay\u0131na girdi\u011fi saate kadar konuyla ilgili bir a\u00e7\u0131klama yapmad\u0131.<\/p>\n\n\n\n<p>T\u00fcrk Eczac\u0131lar\u0131 Birli\u011fi Ba\u015fkan\u0131 Erdo\u011fan \u00c7olak ise&nbsp;<em>Independent T\u00fcrk\u00e7e&#8217;<\/em>ye, &#8220;Ge\u00e7mi\u015fte b\u00f6yle bir olay ya\u015fanm\u0131\u015f&#8221; dedi ve ekledi: &#8220;<em>Bakanl\u0131k ve savc\u0131l\u0131k aras\u0131nda hukuki s\u00fcre\u00e7 devam ediyor.&#8221;<\/em><\/p>\n\n\n\n<figure class=\"wp-block-image\"><img decoding=\"async\" src=\"https:\/\/www.indyturk.com\/sites\/default\/files\/styles\/800xauto\/public\/thumbnails\/image\/2021\/09\/21\/758281-2020195713.jpeg?itok=S30H4rET\" alt=\"457846-1745924565.jpeg\" title=\"457846-1745924565.jpeg\"\/><\/figure>\n\n\n\n<p>TEB Ba\u015fkan\u0131 Erdo\u011fan \u00c7olak \/ Foto\u011fraf: AA<\/p>\n\n\n\n<p>\u00c7olak, bu ila\u00e7lar\u0131n ka\u00e7 ki\u015fiye verildi\u011fine y\u00f6nelik soruya ise, &#8220;\u00dcr\u00fcn takip sistemi bu ila\u00e7larda yok. Eski bir mevzu oldu\u011fu i\u00e7in takip yapam\u0131yoruz&#8221; diye yan\u0131t verdi.&nbsp;<\/p>\n\n\n\n<p>T\u00fcrkiye&#8217;de ruhsat\u0131 bulunmayan ya da burada \u00fcretilmeyen ila\u00e7lar, yaz\u0131lan re\u00e7etenin&nbsp;ard\u0131ndan doktorlardan olu\u015fan bir kurulun onay\u0131yla SGK ve TEB taraf\u0131ndan yurtd\u0131\u015f\u0131ndan getirtilerek hastalara ula\u015ft\u0131r\u0131l\u0131yor.<\/p>\n\n\n\n<p>Bu i\u015flem, SGK&#8217;n\u0131n \u0130bni Sina Sosyal G\u00fcvenlik Merkezi ile TEB&#8217;in Yurtd\u0131\u015f\u0131 \u0130la\u00e7 Temin Birimi arac\u0131l\u0131\u011f\u0131yla ger\u00e7ekle\u015ftiriyor.&nbsp;<\/p>\n\n\n\n<p>\u00a9 The Independentturkish<\/p>\n","protected":false},"excerpt":{"rendered":"<p>\u0130ndyturk T\u00fcrkiye&#8217;de \u00fcretilmeyen ila\u00e7lar, SGK ve TEB taraf\u0131ndan \u00fclkeye getiriliyor. 2019&#8217;da al\u0131nan l\u00f6semi ila\u00e7lar\u0131 sahteydi. TEB Ba\u015fkan\u0131 \u00c7olak, &#8220;Ge\u00e7mi\u015fte b\u00f6yle&#46;&#46;&#46;<\/p>\n","protected":false},"author":1,"featured_media":0,"comment_status":"closed","ping_status":"open","sticky":false,"template":"","format":"link","meta":{"_jetpack_memberships_contains_paid_content":false,"footnotes":""},"categories":[1],"tags":[],"class_list":["post-6474","post","type-post","status-publish","format-link","hentry","category-ced","post_format-post-format-link"],"aioseo_notices":[],"jetpack_featured_media_url":"","jetpack_sharing_enabled":true,"jetpack-related-posts":[],"_links":{"self":[{"href":"http:\/\/www.ced.org.tr\/index.php?rest_route=\/wp\/v2\/posts\/6474","targetHints":{"allow":["GET"]}}],"collection":[{"href":"http:\/\/www.ced.org.tr\/index.php?rest_route=\/wp\/v2\/posts"}],"about":[{"href":"http:\/\/www.ced.org.tr\/index.php?rest_route=\/wp\/v2\/types\/post"}],"author":[{"embeddable":true,"href":"http:\/\/www.ced.org.tr\/index.php?rest_route=\/wp\/v2\/users\/1"}],"replies":[{"embeddable":true,"href":"http:\/\/www.ced.org.tr\/index.php?rest_route=%2Fwp%2Fv2%2Fcomments&post=6474"}],"version-history":[{"count":1,"href":"http:\/\/www.ced.org.tr\/index.php?rest_route=\/wp\/v2\/posts\/6474\/revisions"}],"predecessor-version":[{"id":6475,"href":"http:\/\/www.ced.org.tr\/index.php?rest_route=\/wp\/v2\/posts\/6474\/revisions\/6475"}],"wp:attachment":[{"href":"http:\/\/www.ced.org.tr\/index.php?rest_route=%2Fwp%2Fv2%2Fmedia&parent=6474"}],"wp:term":[{"taxonomy":"category","embeddable":true,"href":"http:\/\/www.ced.org.tr\/index.php?rest_route=%2Fwp%2Fv2%2Fcategories&post=6474"},{"taxonomy":"post_tag","embeddable":true,"href":"http:\/\/www.ced.org.tr\/index.php?rest_route=%2Fwp%2Fv2%2Ftags&post=6474"}],"curies":[{"name":"wp","href":"https:\/\/api.w.org\/{rel}","templated":true}]}}