{"id":6476,"date":"2021-10-09T18:38:28","date_gmt":"2021-10-09T15:38:28","guid":{"rendered":"http:\/\/www.ced.org.tr\/?p=6476"},"modified":"2025-06-16T12:06:58","modified_gmt":"2025-06-16T09:06:58","slug":"cagdas-eczacilar-dernegi-merkez-9-olagan-genel-kurul-duyurusu-ve-gundem","status":"publish","type":"post","link":"http:\/\/www.ced.org.tr\/?p=6476","title":{"rendered":"\u00c7a\u011fda\u015f Eczac\u0131lar Derne\u011fi Merkez 9. Ola\u011fan Genel Kurul Duyurusu Ve G\u00fcndem"},"content":{"rendered":"\n<p>\u00c7a\u011fda\u015f Eczac\u0131lar Derne\u011fi\u00a0 Merkez 9. Ola\u011fan Genel Kurulu, 26 EK\u0130M 2021 SALI g\u00fcn\u00fc  saat:14:00 de <strong><em>Ergenekon Cad<\/em>.\u00a0<em>P\u0131nar Apt<\/em>.\u00a0<em>No<\/em>: 31 (Eski\u00a0<em>No<\/em>:<em>65<\/em>)\u00a0<em>Kat<\/em>: <em>6 D<\/em>.<em>15<\/em>,\u00a0<em>Pangalt\u0131<\/em>\u00a0\/\u00a0<em>\u0130stanbul<\/em> <\/strong>adresindeki dernek merkezinde \u00e7o\u011funluk aranarak, belirtilen tarihte \u00e7o\u011funluk sa\u011flanamazsa 13 KASIM 2021 CUMARTES\u0130 g\u00fcn\u00fc saat: 13:00 de ayn\u0131 adreste \u00e7o\u011funluk aranmaks\u0131z\u0131n ger\u00e7ekle\u015fecektir. <\/p>\n\n\n\n<p>Sayg\u0131lar\u0131m\u0131zla.<br \/>G\u00fcndem a\u015fa\u011f\u0131dad\u0131r.<br \/>Y\u00f6netim Kurulu<\/p>\n\n\n\n<p><strong>G\u00fcndem<\/strong>.<\/p>\n\n\n\n<ol class=\"wp-block-list\" type=\"1\"><li>A\u00e7\u0131l\u0131\u015f ve yoklama.&nbsp;<\/li><li>Genel kurul ba\u015fkanl\u0131k divan\u0131n\u0131n se\u00e7imi.&nbsp;<\/li><li>Sayg\u0131 duru\u015fu.&nbsp;<\/li><li>Y\u00f6netim kurulu \u00e7al\u0131\u015fma ve hesap raporunun sunulmas\u0131.<\/li><li>Denetleme kurulu raporunun sunulmas\u0131.<\/li><li>Raporlar \u00fczerine g\u00f6r\u00fc\u015fmeler.<\/li><li>Y\u00f6netim ve denetleme kurullar\u0131n\u0131n ayr\u0131 ayr\u0131 ibras\u0131.<\/li><li>T\u00fcz\u00fck De\u011fi\u015fikli\u011fi.<ul><li>Dernek T\u00fcz\u00fc\u011f\u00fcn\u00fcn 16. Maddesindeki \u201cGenel Kurul taraf\u0131ndan, dernek \u00fcyeleri aras\u0131ndan 13 asil, 7 yedek \u00fcyeden olu\u015fur.\u201d k\u0131sm\u0131n\u0131n \u201c7 asil, 7 yedek \u00fcyeden olu\u015fur.\u201d \u015feklinde t\u00fcz\u00fck de\u011fi\u015fikli\u011finin sunulmas\u0131.&nbsp;<\/li><\/ul><\/li><li>Tahmini b\u00fct\u00e7enin g\u00f6r\u00fc\u015f\u00fclerek onaylanmas\u0131.<\/li><li>Y\u00f6netim kurulu, denetleme kurulu ve onur kurulunun se\u00e7imi.<\/li><li>Dilek ve \u00f6neriler.<\/li><li>Kapan\u0131\u015f.<\/li><\/ol>\n","protected":false},"excerpt":{"rendered":"<p>\u00c7a\u011fda\u015f Eczac\u0131lar Derne\u011fi\u00a0 Merkez 9. Ola\u011fan Genel Kurulu, 26 EK\u0130M 2021 SALI g\u00fcn\u00fc saat:14:00 de Ergenekon Cad.\u00a0P\u0131nar Apt.\u00a0No: 31 (Eski\u00a0No:65)\u00a0Kat:&#46;&#46;&#46;<\/p>\n","protected":false},"author":1,"featured_media":6462,"comment_status":"closed","ping_status":"open","sticky":false,"template":"","format":"standard","meta":{"_jetpack_memberships_contains_paid_content":false,"footnotes":""},"categories":[1234,60],"tags":[],"class_list":["post-6476","post","type-post","status-publish","format-standard","has-post-thumbnail","hentry","category-duyuru","category-etkinlik"],"aioseo_notices":[],"jetpack_featured_media_url":"http:\/\/www.ced.org.tr\/wp-content\/uploads\/2021\/07\/cropped-CEDLOGO.jpg","jetpack_sharing_enabled":true,"jetpack-related-posts":[],"_links":{"self":[{"href":"http:\/\/www.ced.org.tr\/index.php?rest_route=\/wp\/v2\/posts\/6476","targetHints":{"allow":["GET"]}}],"collection":[{"href":"http:\/\/www.ced.org.tr\/index.php?rest_route=\/wp\/v2\/posts"}],"about":[{"href":"http:\/\/www.ced.org.tr\/index.php?rest_route=\/wp\/v2\/types\/post"}],"author":[{"embeddable":true,"href":"http:\/\/www.ced.org.tr\/index.php?rest_route=\/wp\/v2\/users\/1"}],"replies":[{"embeddable":true,"href":"http:\/\/www.ced.org.tr\/index.php?rest_route=%2Fwp%2Fv2%2Fcomments&post=6476"}],"version-history":[{"count":7,"href":"http:\/\/www.ced.org.tr\/index.php?rest_route=\/wp\/v2\/posts\/6476\/revisions"}],"predecessor-version":[{"id":6489,"href":"http:\/\/www.ced.org.tr\/index.php?rest_route=\/wp\/v2\/posts\/6476\/revisions\/6489"}],"wp:featuredmedia":[{"embeddable":true,"href":"http:\/\/www.ced.org.tr\/index.php?rest_route=\/wp\/v2\/media\/6462"}],"wp:attachment":[{"href":"http:\/\/www.ced.org.tr\/index.php?rest_route=%2Fwp%2Fv2%2Fmedia&parent=6476"}],"wp:term":[{"taxonomy":"category","embeddable":true,"href":"http:\/\/www.ced.org.tr\/index.php?rest_route=%2Fwp%2Fv2%2Fcategories&post=6476"},{"taxonomy":"post_tag","embeddable":true,"href":"http:\/\/www.ced.org.tr\/index.php?rest_route=%2Fwp%2Fv2%2Ftags&post=6476"}],"curies":[{"name":"wp","href":"https:\/\/api.w.org\/{rel}","templated":true}]}}