{"id":6540,"date":"2022-01-24T19:00:53","date_gmt":"2022-01-24T16:00:53","guid":{"rendered":"http:\/\/www.ced.org.tr\/?p=6540"},"modified":"2025-07-18T15:08:40","modified_gmt":"2025-07-18T12:08:40","slug":"eczaci-karliliklarinin-azalmasi-uzerine","status":"publish","type":"post","link":"http:\/\/www.ced.org.tr\/?p=6540","title":{"rendered":"Eczac\u0131 Karl\u0131l\u0131klar\u0131n\u0131n Azalmas\u0131 \u00dczerine"},"content":{"rendered":"\n<p><strong>Eczac\u0131 Karl\u0131l\u0131klar\u0131n\u0131n Azalmas\u0131 \u00fczerine,\u00a0<\/strong><\/p>\n\n\n\n<p>Kur g\u00fcncellemesine ba\u011fl\u0131 ila\u00e7 fiyat art\u0131\u015f\u0131n\u0131 bekledi\u011fimiz bu g\u00fcnlerde, bir kez daha eczane ve da\u011f\u0131t\u0131m kanal\u0131 karl\u0131l\u0131klar\u0131n\u0131n d\u00fc\u015f\u00fc\u015f\u00fc ile kar\u015f\u0131 kar\u015f\u0131yay\u0131z. Bilindi\u011fi \u00fczere, ila\u00e7 fiyat kademeleri 2004, a\u011f\u0131rl\u0131kl\u0131 kademeli eczac\u0131 karl\u0131l\u0131klar\u0131 ise 2009 y\u0131l\u0131ndan bu yana hi\u00e7 g\u00fcncellenmedi. Ancak ila\u00e7 fiyatlar\u0131ndaki y\u00fckseli\u015fle beraber, giderek daha \u00e7ok say\u0131da ila\u00e7 \u00fcst kademelere ta\u015f\u0131nd\u0131, ta\u015f\u0131nmaya da devam ediyor.<\/p>\n\n\n\n<p>Da\u011f\u0131t\u0131m kanallar\u0131n\u0131n karl\u0131l\u0131\u011f\u0131n\u0131 her kademe de\u011fi\u015fikli\u011fi etkilerken, eczac\u0131 karl\u0131l\u0131\u011f\u0131n\u0131&nbsp;<strong>4. ve 5. kademe<\/strong>&nbsp;ila\u00e7lar\u0131n say\u0131s\u0131ndaki art\u0131\u015f, g\u00f6r\u00fcn\u00fcr bi\u00e7imde azalt\u0131yor. Ve bu rakam y\u0131llar i\u00e7erisinde a\u00e7\u0131k bir y\u00fckseli\u015f izleyerek bug\u00fcn t\u00fcm pazarda TL baz\u0131nda 4. Kademe % 7,3 ve 5. Kademe % 29,2 olmak \u00fczere&nbsp;<strong>toplam % 36,5<\/strong>&nbsp;e ula\u015ft\u0131. Rutin kur g\u00fcncellemelerinin yan\u0131 s\u0131ra, y\u0131l i\u00e7erisinde yap\u0131lan ba\u015fkaca kur kaynakl\u0131 g\u00fcncellemelerle ayn\u0131 y\u00f6nde bir seyir olu\u015fuyor. Son y\u0131llarda geli\u015fen yeni ila\u00e7 \u00fcretim teknolojileri ile \u00fcretilerek ruhsat alan ila\u00e7lar\u0131n \u00e7o\u011funlu\u011fu yine 4. ya da 5. Kademeden fiyat alarak kullan\u0131ma sunuluyor.<\/p>\n\n\n\n<p>2022 kur g\u00fcncellemesinin olu\u015fturaca\u011f\u0131 etkiyi ve y\u0131llar boyunca g\u00fcncelleme yap\u0131lmay\u0131\u015f\u0131n\u0131n finansal tablolar\u0131m\u0131za nas\u0131l bir etki olu\u015fturdu\u011funu birlikte anlamaya \u00e7al\u0131\u015fal\u0131m. De\u011ferlendirmeleri yaparken \u00f6ncelikle de\u011ferlendirmeye konu karl\u0131l\u0131klar\u0131n br\u00fct karl\u0131l\u0131klar oldu\u011funu ve bir ortalama de\u011fer ifade etti\u011fini unutmamak gerekiyor. Eczaneler bulundurulan ila\u00e7lar\u0131n kademe da\u011f\u0131l\u0131mlar\u0131na g\u00f6re de\u011fi\u015fen oranlarda bu d\u00fc\u015f\u00fc\u015ften etkilenirken; net karl\u0131l\u0131klar ise de\u011fi\u015fen t\u00fcm di\u011fer fakt\u00f6rlerin de etkisiyle yine farkl\u0131 oranlarda, a\u011f\u0131rl\u0131kla bu ortalamalar\u0131n \u00e7ok \u00e7ok alt\u0131nda ger\u00e7ekle\u015fiyor.&nbsp;<\/p>\n\n\n\n<p>\u0130la\u00e7 Fiyat Kararnamesi\u2019 nin y\u00fcr\u00fcrl\u00fc\u011fe girdi\u011fi 2004 y\u0131l\u0131nda ve 2021 y\u0131l\u0131nda toplam eczane cirolar\u0131na g\u00f6re ila\u00e7lar\u0131n kademelere da\u011f\u0131l\u0131m\u0131n\u0131 yan yana koydu\u011fumuzda a\u015fa\u011f\u0131daki tabloyla kar\u015f\u0131la\u015f\u0131yoruz:&nbsp;&nbsp;&nbsp;<\/p>\n\n\n\n<p><strong>Tablo.1<\/strong><\/p>\n\n\n\n<figure class=\"wp-block-table\"><table><tbody><tr><td>&nbsp;&nbsp;&nbsp;&nbsp;&nbsp;&nbsp;&nbsp;&nbsp;&nbsp;&nbsp;&nbsp;&nbsp;&nbsp;&nbsp;&nbsp;&nbsp;&nbsp;&nbsp;&nbsp;<strong>TL<\/strong><\/td><td>&nbsp;&nbsp;&nbsp;&nbsp;&nbsp;&nbsp;&nbsp;&nbsp;&nbsp;&nbsp;<strong>2004<\/strong><\/td><td>&nbsp;&nbsp;&nbsp;&nbsp;&nbsp;&nbsp;&nbsp;&nbsp;&nbsp;&nbsp;&nbsp;<strong>2021<\/strong><\/td><\/tr><tr><td>1-2-3. Kademedeki \u00dcr\u00fcnler<\/td><td>%91.5<\/td><td>%63.5<\/td><\/tr><tr><td>4-5. Kademedeki \u00dcr\u00fcnler<\/td><td>%8,5<\/td><td>%36,5<\/td><\/tr><\/tbody><\/table><\/figure>\n\n\n\n<p>\u0130la\u00e7 Fiyat Kararnamesi\u2019 nin kar oranlar\u0131 k\u0131sm\u0131n\u0131n g\u00fcncellendi\u011fi 2009 y\u0131l\u0131ndan bu yana&nbsp;kademeli eczac\u0131 karl\u0131\u011f\u0131 ise be\u015f kademede halen a\u015fa\u011f\u0131daki gibi uygulan\u0131yor:<\/p>\n\n\n\n<figure class=\"wp-block-table\"><table><tbody><tr><td><strong>Depocuya sat\u0131\u015f fiyat\u0131n\u0131n<\/strong><strong>(Mevcut Durum)<\/strong><\/td><td><strong>Eczac\u0131 Kar\u0131<\/strong><\/td><td><strong>Depocu Kar\u0131<\/strong><\/td><\/tr><tr><td>10 TL\u2019 ye kadar olan k\u0131sm\u0131 i\u00e7in (10 TL dahil)<\/td><td>25<\/td><td>9<\/td><\/tr><tr><td>10-50 TL aras\u0131nda kalan k\u0131sm\u0131 i\u00e7in (50 TL dahil)<\/td><td>25<\/td><td>8<\/td><\/tr><tr><td>50-100 TL aras\u0131nda kalan k\u0131sm\u0131 i\u00e7in (100 TL dahil)<\/td><td>25<\/td><td>7<\/td><\/tr><tr><td>100-200 TL aras\u0131nda kalan k\u0131sm\u0131 i\u00e7in (200 TL dahil)<\/td><td>16<\/td><td>4<\/td><\/tr><tr><td>200 TL \u00fczerinde kalan k\u0131sm\u0131 i\u00e7in<\/td><td>12<\/td><td>2<\/td><\/tr><\/tbody><\/table><\/figure>\n\n\n\n<p>\u0130la\u00e7lar\u0131n kademe da\u011f\u0131l\u0131mlar\u0131 ve karl\u0131l\u0131k oranlar\u0131 hi\u00e7 de\u011fi\u015fmezken, 2009 y\u0131l\u0131nda br\u00fct 809 TL olarak uygulanan asgari \u00fccretin , 2021\u2019 de 3578 TL, 2022 y\u0131l\u0131nda ise 5004 TL olarak olarak belirlendi\u011fi izleniyor.&nbsp;<\/p>\n\n\n\n<p>Eczac\u0131 karl\u0131l\u0131\u011f\u0131 ba\u015fkaca fakt\u00f6rlerin etkisi ile de azalmaya devem ediyor. Ticari iskontolar kaybedildi, kamu kurum iskontolar\u0131 ile ilgili keyfi uygulamalar\u0131n yaratt\u0131\u011f\u0131 kay\u0131plar hastalara kadar yans\u0131yarak s\u00fcr\u00fcyor, \u00fcr\u00fcn fazlas\u0131 uygulamas\u0131 her y\u0131l eczac\u0131 karl\u0131l\u0131klar\u0131 aleyhine bir seyir izliyor&#8230;&nbsp;<\/p>\n\n\n\n<p>Yan\u0131 s\u0131ra, son d\u00f6nemde \u00fclkenin i\u00e7erisinde bulundu\u011fu ekonomik durum ve enflasyonun seyri de g\u00f6z \u00f6n\u00fcne al\u0131nd\u0131\u011f\u0131nda, gider kalemlerindeki yads\u0131namaz art\u0131\u015fla kar\u015f\u0131 kar\u015f\u0131ya geliyoruz. Eczane ve da\u011f\u0131t\u0131m kanallar\u0131n\u0131n a\u011f\u0131rl\u0131kl\u0131 kademeli karl\u0131l\u0131k oranlar\u0131 y\u0131llard\u0131r apa\u00e7\u0131k bir d\u00fc\u015f\u00fc\u015f seyri izlerken; eczanelerde artan i\u015f y\u00fck\u00fc ve buna ba\u011fl\u0131 olarak \u00e7al\u0131\u015fan say\u0131s\u0131n\u0131n artmas\u0131n\u0131n da etkisiyle \u00e7al\u0131\u015fan maliyetleri, kiralar, yak\u0131t, k\u0131rtasiye ve di\u011fer i\u015fletme giderleri ve ya\u015famsal di\u011fer giderler bu s\u00fcre zarf\u0131nda y\u00fckseli\u015fini s\u00fcrd\u00fcr\u00fcyor.&nbsp;<\/p>\n\n\n\n<p><strong>T\u00fcm di\u011fer kay\u0131plarla birlikte, eczac\u0131lar\u0131n 2021 ve 2022 ge\u00e7i\u015finde \u00e7ok daha belirgin bi\u00e7imde ya\u015fanan, i\u015fletme gider kalemlerinde ve t\u00fcm di\u011fer giderlerdeki bu y\u00fckseli\u015fi, karl\u0131l\u0131ktaki d\u00fc\u015f\u00fc\u015fle birlikte kar\u015f\u0131layacak g\u00fcc\u00fcn\u00fcn kalmad\u0131\u011f\u0131 ortadad\u0131r.<\/strong><\/p>\n\n\n\n<p>2022 y\u0131l\u0131nda kur g\u00fcncellenmesi ard\u0131ndan ya\u015fanacak karl\u0131l\u0131k d\u00fc\u015f\u00fc\u015f\u00fcn\u00fc ortalama de\u011ferler \u00fczerinden hesaplarsak;<\/p>\n\n\n\n<p><strong>\u015eubat ay\u0131nda % 37\u2019 lik bir ila\u00e7 fiyat art\u0131\u015f\u0131na denk gelecek kur g\u00fcncellemesi yap\u0131lmas\u0131 durumunda,<\/strong><\/p>\n\n\n\n<p><strong>Yaln\u0131zca 2022 y\u0131l\u0131nda, 2021 y\u0131l\u0131na k\u0131yasla, eczac\u0131 karl\u0131l\u0131\u011f\u0131 % 0.4 azalacakt\u0131r.&nbsp;<\/strong><\/p>\n\n\n\n<p><strong>Ge\u00e7ti\u011fimiz y\u0131l ortalama %20.5 olarak ger\u00e7ekle\u015fen a\u011f\u0131rl\u0131kl\u0131 kademeli karl\u0131l\u0131k, 2022 y\u0131l\u0131nda % 20.1 olarak ger\u00e7ekle\u015fecektir.&nbsp;<\/strong><\/p>\n\n\n\n<p>Ge\u00e7ti\u011fimiz y\u0131l ise 2020\u2019 ye g\u00f6re %0.2 azalalarak, % 20.7&#8242; den % 20.5&#8242; e gerileyece\u011fini yine hesap etmi\u015ftik.&nbsp;<\/p>\n\n\n\n<p>2021 y\u0131l\u0131nda 4.ve 5. kademedeki \u00fcr\u00fcn say\u0131s\u0131 1719 iken; % 37\u2019lik fiyat ge\u00e7i\u015fi ile birlikte bu say\u0131 2064\u2019 e ula\u015facak. Bu de\u011fi\u015fim ortalama karl\u0131l\u0131\u011fa % 0.4 l\u00fck bir d\u00fc\u015f\u00fc\u015f olarak yans\u0131yacak. Bu nispeten k\u00fc\u00e7\u00fck g\u00f6r\u00fcnen y\u00fczdelik dilimlerle pe\u015f pe\u015fe ger\u00e7ekle\u015fen d\u00fc\u015f\u00fc\u015fler;&nbsp;<strong>bir d\u00f6nem, ticari \u0131skontolarla da birlikte %32-35 aras\u0131 ger\u00e7ekle\u015fen eczac\u0131 karl\u0131\u011f\u0131n\u0131n, bu y\u0131l i\u00e7erisinde % 20\u2019 olarak ger\u00e7ekle\u015fmesi&nbsp;<\/strong>sonucunu do\u011furuyor.<\/p>\n\n\n\n<p>(Tablo. 2 de 2022 y\u0131l\u0131nda % 37\u2019 lik bir ila\u00e7 fiyat art\u0131\u015f\u0131 olmas\u0131 durumunda ger\u00e7ekle\u015fecek ila\u00e7lar\u0131n kademe ve buna ba\u011fl\u0131&nbsp;&nbsp;kar oranlar\u0131n\u0131n de\u011fi\u015fimi g\u00f6sterilmi\u015ftir. )<\/p>\n\n\n\n<p><strong>Tablo.2<\/strong><\/p>\n\n\n\n<figure class=\"wp-block-table\"><table><tbody><tr><td><strong>Kademeler<\/strong><\/td><td><strong>2021 y\u0131l\u0131<\/strong><\/td><td><strong>2022 y\u0131l\u0131<\/strong><\/td><td><strong>% 37 art\u0131\u015f ile \u00fcst kademeye kayan ila\u00e7 say\u0131s\u0131<\/strong><\/td><td><strong>Eczac\u0131 karl\u0131l\u0131\u011f\u0131ndaki kay\u0131p<\/strong><\/td><\/tr><tr><td>4.Kademe<\/td><td>593<\/td><td>685<\/td><td><strong>345<\/strong> (3.kademeden 4.kademeye ge\u00e7en ila\u00e7 say\u0131s\u0131)<\/td><td><strong>% 25\u2019 ten % 16 karl\u0131l\u0131\u011fa ge\u00e7i\u015f<\/strong><\/td><\/tr><tr><td>5.Kademe<\/td><td>1126<\/td><td>1379<\/td><td><strong>253 <\/strong>(4.kademeden 5.kademeye ge\u00e7en ila\u00e7 say\u0131s\u0131)<\/td><td><strong>%16\u2019 dan %12 <\/strong><br \/><strong>karl\u0131l\u0131\u011fa ge\u00e7i\u015f<\/strong><\/td><\/tr><tr><td>&nbsp;<\/td><td>1719<\/td><td>2064<\/td><td>&nbsp;<\/td><td>&nbsp;<\/td><\/tr><\/tbody><\/table><\/figure>\n\n\n\n<p>B\u00f6ylelikle, kademelerin ve kademeli karl\u0131l\u0131klar\u0131n g\u00fcncellenmesi hakl\u0131 ve esasen olduk\u00e7a gecikmi\u015f bir talep olarak eczac\u0131n\u0131n g\u00fcndeminde bu y\u0131l da duruyor. Sa\u011fl\u0131kl\u0131 bir analiz yapmak bak\u0131m\u0131ndan kademeler ve kademeli karl\u0131l\u0131klar \u00fczerinde birka\u00e7 \u00f6rnek eg\u00fcncelleme yap\u0131p; bu de\u011fi\u015fimlerin karl\u0131l\u0131\u011fa olas\u0131 etkisini g\u00f6zden ge\u00e7irecek olursak:<\/p>\n\n\n\n<p>(Tablo.3 ve Tablo.4\u2019 te 2022 y\u0131l\u0131nda % 37\u2019 lik bir ila\u00e7 fiyat art\u0131\u015f\u0131 olmas\u0131 durumunda ger\u00e7ekle\u015fecek % 20,1\u2019 lik ortalama eczac\u0131 karl\u0131l\u0131\u011f\u0131n\u0131n; kademelerin ve kar oranlar\u0131n\u0131n g\u00fcncellenmesi durumunda nas\u0131l de\u011fi\u015fece\u011fi \u00f6zetlenmi\u015ftir.)<\/p>\n\n\n\n<p><strong>Tablo.3<\/strong><\/p>\n\n\n\n<figure class=\"wp-block-table\"><table><tbody><tr><td><strong>Depocuya sat\u0131\u015f fiyat\u0131n\u0131n (Mevcut Durum)<\/strong><\/td><td><strong>Depocuya sat\u0131\u015f fiyat\u0131n\u0131n (D\u00f6rt kat\u0131 olarak&nbsp;g\u00fcncellenmi\u015f)<\/strong><\/td><td><strong>Eczac\u0131 Kar\u0131<\/strong><\/td><\/tr><tr><td>10 TL\u2019 ye kadar olan k\u0131sm\u0131 i\u00e7in (10 TL dahil)<\/td><td><strong><u>40 TL<\/u><\/strong><strong><u>\u2019<\/u><\/strong>&nbsp;ye kadar olan k\u0131sm\u0131 i\u00e7in (40 TL dahil)<\/td><td>25<\/td><\/tr><tr><td>10-50 TL aras\u0131nda kalan k\u0131sm\u0131 i\u00e7in ( 50 TL dahil)<\/td><td><strong><u>40-200 TL<\/u><\/strong>&nbsp;aras\u0131nda kalan k\u0131sm\u0131 i\u00e7in (200 TL dahil)<\/td><td>25<\/td><\/tr><tr><td>50-100 TL aras\u0131nda kalan k\u0131sm\u0131 i\u00e7in ( 100 TL dahil)<\/td><td><strong><u>200- 400 TL<\/u><\/strong>&nbsp;aras\u0131nda kalan k\u0131sm\u0131 i\u00e7in (400 TL dahil)<\/td><td>25<\/td><\/tr><tr><td>100-200 TL aras\u0131nda kalan k\u0131sm\u0131 i\u00e7in ( 200 TL dahil)<\/td><td><strong><u>400-800 TL<\/u><\/strong>&nbsp;aras\u0131nda kalan k\u0131sm\u0131 i\u00e7in (800 TL dahil)<\/td><td>16<\/td><\/tr><tr><td>200 TL \u00fczerinde kalan k\u0131sm\u0131 i\u00e7in<\/td><td><strong><u>800 TL<\/u><\/strong>&nbsp;\u00fczerinde kalan k\u0131sm\u0131 i\u00e7in<\/td><td>12<\/td><\/tr><\/tbody><\/table><\/figure>\n\n\n\n<p>Kademelerin bu g\u00fcne kadar ger\u00e7ekle\u015fen kur y\u00fckseli\u015fi ile orant\u0131l\u0131 bi\u00e7imde d\u00f6rt kat\u0131na \u00e7\u0131kar\u0131larak g\u00fcncellenmesi durumunda, a\u011f\u0131rl\u0131kl\u0131 kademeli eczac\u0131 karl\u0131l\u0131\u011f\u0131; % 20.1 yerine,&nbsp;<strong>% 21.5<\/strong>&nbsp;olarak ger\u00e7ekle\u015fiyor.<\/p>\n\n\n\n<p><strong>Tablo.4<\/strong><\/p>\n\n\n\n<figure class=\"wp-block-table\"><table><tbody><tr><td><strong>Depocuya sat\u0131\u015f fiyat\u0131n\u0131n (Mevcut Durum)<\/strong><\/td><td><strong>Depocuya sat\u0131\u015f fiyat\u0131n\u0131n (D\u00f6rt kat\u0131 olarak)<\/strong><\/td><td><strong>Eczac\u0131 Kar\u0131<\/strong><\/td><\/tr><tr><td>10 TL\u2019 ye kadar olan k\u0131sm\u0131 i\u00e7in (10 TL dahil)<\/td><td><strong><u>40 TL<\/u><\/strong><strong><u>\u2019<\/u><\/strong>&nbsp;ye kadar olan k\u0131sm\u0131 i\u00e7in (40 TL dahil)<\/td><td><strong><u>28<\/u><\/strong><strong><u><\/u><\/strong><\/td><\/tr><tr><td>10-50 TL aras\u0131nda kalan k\u0131sm\u0131 i\u00e7in (50 TL dahil)<\/td><td><strong><u>40-200 TL<\/u><\/strong>&nbsp;aras\u0131nda kalan k\u0131sm\u0131 i\u00e7in (200 TL dahil)<\/td><td><strong><u>28<\/u><\/strong><strong><u><\/u><\/strong><\/td><\/tr><tr><td>50-100 TL aras\u0131nda kalan k\u0131sm\u0131 i\u00e7in (100 TL dahil)<\/td><td><strong><u>200- 400 TL<\/u><\/strong>&nbsp;aras\u0131nda kalan k\u0131sm\u0131 i\u00e7in (400 TL dahil)<\/td><td><strong><u>28<\/u><\/strong><strong><u><\/u><\/strong><\/td><\/tr><tr><td>100-200 TL aras\u0131nda kalan k\u0131sm\u0131 i\u00e7in (200 TL dahil)<\/td><td><strong><u>400-800 TL<\/u><\/strong>&nbsp;aras\u0131nda kalan k\u0131sm\u0131 i\u00e7in (800 TL dahil)<\/td><td><strong><u>19<\/u><\/strong><strong><u><\/u><\/strong><\/td><\/tr><tr><td>200 TL \u00fczerinde kalan k\u0131sm\u0131 i\u00e7in<\/td><td><strong><u>800 TL<\/u><\/strong>&nbsp;\u00fczerinde kalan k\u0131sm\u0131 i\u00e7in<\/td><td><strong><u>15<\/u><\/strong><strong><u><\/u><\/strong><\/td><\/tr><\/tbody><\/table><\/figure>\n\n\n\n<p>Kademelerin d\u00f6rt kat\u0131 olacak \u015fekilde g\u00fcncellenmesi ve kademeli kar oranlar\u0131n\u0131n y\u00fckseltilmesi durumunda ortalama eczac\u0131 karl\u0131l\u0131\u011f\u0131 % 20.1 yerine,&nbsp;&nbsp;<strong>% 24.9<\/strong>&nbsp;olarak ger\u00e7ekle\u015fiyor.<\/p>\n\n\n\n<p><strong>Yukar\u0131daki \u00f6rnek hesaplamalardan g\u00f6r\u00fcld\u00fc\u011f\u00fc \u00fczere, yaln\u0131zca kademelerin g\u00fcncellenmesinin eczac\u0131 karl\u0131l\u0131\u011f\u0131 \u00fczerine etkisi, bu g\u00fcne kadar ger\u00e7ekle\u015fen erimenin giderilmesi bak\u0131m\u0131ndan yeterli olmayacakt\u0131r. Ancak kademelerle birlikte kademeli kar oranlar\u0131n\u0131n da y\u00fckseltilmesi yoluyla karl\u0131l\u0131\u011f\u0131n en az % 25 olacak \u015fekilde d\u00fczenlenmesi ile ya\u015fanan kay\u0131p k\u0131smen giderilebilecektir. Yan\u0131 s\u0131ra, \u0130la\u00e7 Fiyat Kararnamesinin, kademe ve karl\u0131l\u0131klarla ilgili b\u00f6l\u00fcm\u00fcn\u00fcn, her y\u0131l ila\u00e7ta kur g\u00fcncellemesine paralel olarak g\u00fcncellenece\u011fi bir protokole ba\u011flanmal\u0131d\u0131r. Ayr\u0131ca her y\u0131l ayn\u0131 d\u00f6nemde ya\u015fad\u0131\u011f\u0131m\u0131z ila\u00e7 yoklu\u011fu sorunun \u00f6n\u00fcne ge\u00e7ilmesi i\u00e7in, kur g\u00fcncellemeleri y\u0131lda en az iki defa olacak \u015fekilde d\u00fczenlenmelidir.&nbsp;<\/strong><\/p>\n\n\n\n<p>Meslek \u00f6rg\u00fctlerimiz, eczanelerimizin eriyen karl\u0131l\u0131klar\u0131yla sonu\u00e7lanan ve giderek daha s\u00fcrd\u00fcr\u00fclemez hale gelen bu konuyla ilgili var ise y\u00fcr\u00fctt\u00fckleri \u00e7al\u0131\u015fmalar\u0131, talep, s\u00fcre\u00e7 ve sonu\u00e7lar\u0131n\u0131 eczac\u0131 kamuoyu ile de payla\u015farak, karl\u0131l\u0131klar\u0131m\u0131z\u0131n giderek erimesi kar\u015f\u0131s\u0131nda m\u00fccadele etmekle g\u00f6revlidirler. \u0130la\u00e7 Fiyat Kararnamesi\u2019 nde g\u00fcncelleme yap\u0131lmay\u0131\u015f\u0131yla, eczac\u0131n\u0131n kaybetti\u011fi kaynak global bir bak\u0131\u015fla, \u00f6rne\u011fin Sosyal G\u00fcvenlik Kurumu ile her s\u00f6zle\u015fme d\u00f6neminde g\u00f6r\u00fc\u015f\u00fclmesi i\u00e7in uzunca zaman ve enerji ayr\u0131lan kayna\u011f\u0131n olduk\u00e7a \u00fczerindedir.&nbsp;<\/p>\n\n\n\n<p>Art\u0131k susmaya ya da f\u0131s\u0131lt\u0131yla \u00e7\u00f6z\u00fcms\u00fczl\u00fc\u011f\u00fc konu\u015fmaya son verilmeli. Ger\u00e7ek\u00e7i bir yakla\u015f\u0131mla sorunlar\u0131 ortaya koyulmal\u0131, bu ama\u00e7la olu\u015fturulmu\u015f yasal platformlarda \u00e7\u00f6z\u00fcmler, katk\u0131 vermek isteyen t\u00fcm meslekta\u015flarla, kat\u0131l\u0131mc\u0131 bi\u00e7imde beraberce olu\u015fturulmal\u0131, ortaya konmal\u0131, hep bir a\u011f\u0131zdan ve \u0131srarla bu \u00e7\u00f6z\u00fcm talep edilmeli, kamu otoritesinin sorunu g\u00f6rmezden gelmesinin \u00f6n\u00fcne ge\u00e7ilmelidir. Ge\u00e7mi\u015f \u00f6rg\u00fctl\u00fcl\u00fck prati\u011fimiz; b\u00f6yle kurgulanm\u0131\u015f, uygulanm\u0131\u015f ve ba\u015far\u0131ya ula\u015fm\u0131\u015f pek \u00e7ok m\u00fccadele \u00f6rnekleri ile doludur.&nbsp;<\/p>\n\n\n\n<p>\u00d6ncelikli g\u00f6revimiz olan, toplum sa\u011fl\u0131\u011f\u0131n\u0131n korunmas\u0131na, ilac\u0131 toplumun ihtiyac\u0131 \u00f6l\u00e7\u00fcs\u00fcnde temin ederek, sa\u011fl\u0131k hizmetini s\u00fcrd\u00fcr\u00fclebilir ekonomik ko\u015fullarda sunarak, ayakta kalarak ancak katk\u0131 verebiliriz.<\/p>\n\n\n\n<p>\u00c7A\u011eDA\u015e ECZACILAR DERNE\u011e\u0130<\/p>\n\n\n\n<p><\/p>\n","protected":false},"excerpt":{"rendered":"<p>Eczac\u0131 Karl\u0131l\u0131klar\u0131n\u0131n Azalmas\u0131 \u00fczerine,\u00a0 Kur g\u00fcncellemesine ba\u011fl\u0131 ila\u00e7 fiyat art\u0131\u015f\u0131n\u0131 bekledi\u011fimiz bu g\u00fcnlerde, bir kez daha eczane ve da\u011f\u0131t\u0131m kanal\u0131&#46;&#46;&#46;<\/p>\n","protected":false},"author":27,"featured_media":6555,"comment_status":"closed","ping_status":"open","sticky":false,"template":"","format":"standard","meta":{"_jetpack_memberships_contains_paid_content":false,"footnotes":""},"categories":[1,1234,1249,64],"tags":[1238,1248,1245,1236,1235],"class_list":["post-6540","post","type-post","status-publish","format-standard","has-post-thumbnail","hentry","category-ced","category-duyuru","category-ecz-mehtap-palaci","category-mevzuat","tag-but","tag-ifk","tag-kki","tag-sgk","tag-sut"],"aioseo_notices":[],"jetpack_featured_media_url":"http:\/\/www.ced.org.tr\/wp-content\/uploads\/2022\/01\/E6673E4A-ABA2-4F1F-B63E-A4BFA423C0A2.png","jetpack_sharing_enabled":true,"jetpack-related-posts":[],"_links":{"self":[{"href":"http:\/\/www.ced.org.tr\/index.php?rest_route=\/wp\/v2\/posts\/6540","targetHints":{"allow":["GET"]}}],"collection":[{"href":"http:\/\/www.ced.org.tr\/index.php?rest_route=\/wp\/v2\/posts"}],"about":[{"href":"http:\/\/www.ced.org.tr\/index.php?rest_route=\/wp\/v2\/types\/post"}],"author":[{"embeddable":true,"href":"http:\/\/www.ced.org.tr\/index.php?rest_route=\/wp\/v2\/users\/27"}],"replies":[{"embeddable":true,"href":"http:\/\/www.ced.org.tr\/index.php?rest_route=%2Fwp%2Fv2%2Fcomments&post=6540"}],"version-history":[{"count":11,"href":"http:\/\/www.ced.org.tr\/index.php?rest_route=\/wp\/v2\/posts\/6540\/revisions"}],"predecessor-version":[{"id":6557,"href":"http:\/\/www.ced.org.tr\/index.php?rest_route=\/wp\/v2\/posts\/6540\/revisions\/6557"}],"wp:featuredmedia":[{"embeddable":true,"href":"http:\/\/www.ced.org.tr\/index.php?rest_route=\/wp\/v2\/media\/6555"}],"wp:attachment":[{"href":"http:\/\/www.ced.org.tr\/index.php?rest_route=%2Fwp%2Fv2%2Fmedia&parent=6540"}],"wp:term":[{"taxonomy":"category","embeddable":true,"href":"http:\/\/www.ced.org.tr\/index.php?rest_route=%2Fwp%2Fv2%2Fcategories&post=6540"},{"taxonomy":"post_tag","embeddable":true,"href":"http:\/\/www.ced.org.tr\/index.php?rest_route=%2Fwp%2Fv2%2Ftags&post=6540"}],"curies":[{"name":"wp","href":"https:\/\/api.w.org\/{rel}","templated":true}]}}