{"id":6565,"date":"2022-02-17T17:59:29","date_gmt":"2022-02-17T14:59:29","guid":{"rendered":"http:\/\/www.ced.org.tr\/?p=6565"},"modified":"2025-06-16T12:07:47","modified_gmt":"2025-06-16T09:07:47","slug":"17-18-subat-2022-aile-hekimleri-is-birakiyor","status":"publish","type":"post","link":"http:\/\/www.ced.org.tr\/?p=6565","title":{"rendered":"17-18 \u015eubat 2022 Aile Hekimleri \u0130\u015f B\u0131rak\u0131yor &#8211; Aile Hekimleri Federasyonu Duyurusu &#8211;"},"content":{"rendered":"<div class=\"wp-block-image\">\n<figure class=\"aligncenter size-full is-resized\"><a href=\"http:\/\/www.ced.org.tr\/?attachment_id=6571\"><img loading=\"lazy\" decoding=\"async\" src=\"http:\/\/www.ced.org.tr\/wp-content\/uploads\/2022\/02\/logo-red.png\" alt=\"\" class=\"wp-image-6571\" width=\"350\" height=\"46\" srcset=\"http:\/\/www.ced.org.tr\/wp-content\/uploads\/2022\/02\/logo-red.png 350w, http:\/\/www.ced.org.tr\/wp-content\/uploads\/2022\/02\/logo-red-300x39.png 300w\" sizes=\"auto, (max-width: 350px) 100vw, 350px\" \/><\/a><\/figure>\n<\/div>\n\n\n<p><strong>KAMUOYUNA \u00d6NEMLE DUYURULUR;<\/strong><\/p>\n\n\n\n<p>Birinci basamak sa\u011fl\u0131k hizmetlerinde bu \u00fclkenin sa\u011fl\u0131k alan\u0131ndaki en \u00f6nemli ger\u00e7e\u011finin aile hekimli\u011fi sistemi oldu\u011funun bilinci ile&nbsp;<strong>\u2018\u2019 \u00f6nce insan\u2019\u2019<\/strong>&nbsp;diyerek, mesle\u011fimizin kutsall\u0131\u011f\u0131 gere\u011fi sahadaki her bir aile hekimi ve aile sa\u011fl\u0131\u011f\u0131 \u00e7al\u0131\u015fan\u0131, t\u00fcm olumsuz duruma ra\u011fmen insan\u00fcst\u00fc bir \u00e7aba ile m\u00fccadele etmektedir.<\/p>\n\n\n\n<p><strong>Aile hekimleri dernekleri federasyonu (AHEF)<\/strong>&nbsp;olarak y\u0131llard\u0131r ba\u015far\u0131y\u0131 kendi hanelerine yazd\u0131ran sa\u011fl\u0131k idaresine sundu\u011fumuz \u00f6nerilerin dikkate al\u0131nmad\u0131\u011f\u0131n\u0131 \u00fcz\u00fclerek g\u00f6rmekteyiz.<\/p>\n\n\n\n<p>T\u00fcrkiye\u2019de aile hekimli\u011fi sisteminin modern ve bilimsel \u00e7izgiye \u00e7ekilmesi y\u00f6n\u00fcnde gerekli ad\u0131mlar at\u0131lmam\u0131\u015fken, sa\u011fl\u0131k idaresi taraf\u0131ndan yetersiz altyap\u0131 g\u00f6z ard\u0131 edilerek yap\u0131lan d\u00fczenlemeler, t\u00fcm kazan\u0131mlar\u0131 geriye g\u00f6t\u00fcrm\u00fc\u015f, mevzuat de\u011fi\u015fiklikleri sistemin \u00f6n\u00fcn\u00fc t\u0131kam\u0131\u015f,&nbsp;<strong>T\u00fcrkiye\u2019de aile hekimli\u011fi sistemi g\u00fcn\u00fcbirlik politikalara alet edilmi\u015ftir.<\/strong><\/p>\n\n\n\n<p>Modern aile hekimli\u011fi sisteminin \u015fartlar\u0131n\u0131 bilmeden, bir gecede ismi de\u011fi\u015ftirilerek y\u00fcr\u00fcrl\u00fc\u011fe konan aile hekimli\u011fi kanunu ve buna ba\u011fl\u0131 s\u00f6zle\u015fmeler, ilk on y\u0131ldaki kazan\u0131mlar\u0131 t\u00fcketmi\u015f, aile hekimli\u011fi sisteminin \u00f6n\u00fcn\u00fc a\u00e7mak yerine, sistemin \u00f6n\u00fcn\u00fc t\u0131kam\u0131\u015f, adeta&nbsp;<strong>ceza kanunu ve ceza y\u00f6netmeli\u011fi halini alm\u0131\u015ft\u0131r.<\/strong><\/p>\n\n\n\n<p>Son olarak; \u0130stanbul, Tekirda\u011f, Mu\u015f, Hakk\u00e2ri, Mersin ve Diyarbak\u0131r gibi bir\u00e7ok ilde bu ceza y\u00f6netmeli\u011fi kullan\u0131larak, tabiri caiz ise \u2018\u2019cad\u0131 av\u0131\u2019\u2019 ba\u015flat\u0131lm\u0131\u015f, bir\u00e7ok aile hekiminin s\u00f6zle\u015fmesi yenilenmemi\u015ftir.<\/p>\n\n\n\n<p>Hukukun, bir toplumun bar\u0131\u015f ve demokrasi i\u00e7erisinde \u00e7al\u0131\u015fmas\u0131n\u0131 m\u00fcmk\u00fcn k\u0131lmas\u0131 gerekirken,&nbsp;<strong>aile hekimlerine uygulanan bu orant\u0131s\u0131z ceza ve bask\u0131n\u0131n gerek\u00e7esini anlamakta zorlan\u0131yoruz.<\/strong><\/p>\n\n\n\n<p>Aile hekimleri i\u00e7in&nbsp;<strong>i\u015f g\u00fcvencesizli\u011fi, keyfi idare tutumu, mobbing ve bask\u0131 y\u00f6netmeli\u011fini kabul etmiyoruz.<\/strong><\/p>\n\n\n\n<p>Aile hekimli\u011fi sisteminin evrensel bir par\u00e7as\u0131 olan kronik hasta takibi, yeni y\u00f6netmelik ile HYP ad\u0131 verilen, ruhsuz bir bilgisayar algoritmas\u0131 ile matematiksel veriler elde etmeyi ama\u00e7layan, yapana \u00fccret veren, yapamayan\u0131 yok sayan, bilimsellik ile ilgisi olmayan bir d\u00fczenlemeye indirgenmi\u015ftir. Bu durum&nbsp;<strong>ancak bir ak\u0131l tutulmas\u0131n\u0131n sonucu olabilir.<\/strong><\/p>\n\n\n\n<p>T\u00fcm siyasi partilerin mutabakat sa\u011flad\u0131\u011f\u0131, hekimlerin \u00e7al\u0131\u015f\u0131rken ve emeklilik sonras\u0131nda \u00f6zl\u00fck haklar\u0131n\u0131 iyile\u015ftirecek d\u00fczenlemenin \u2018\u2019Asl\u0131nda biz hata yapt\u0131k!\u2019\u2019 diye geri \u00e7ekilmesi,&nbsp;<strong>d\u00fczenlemenin pop\u00fclist politikalara alet edilmesi biz hekimlerde tam bir hayal k\u0131r\u0131kl\u0131\u011f\u0131 yaratm\u0131\u015ft\u0131r.<\/strong><\/p>\n\n\n\n<p>Yeti\u015fmi\u015f beyinlerin, bu \u00fclke evlatlar\u0131n\u0131n her g\u00fcn onlarcas\u0131n\u0131n memleketi terk etti\u011fi d\u00f6nemde, fedak\u00e2rca g\u00f6revi ba\u015f\u0131nda bulunan&nbsp;<strong>hekimlerin hak edi\u015flerinin ve \u00f6zl\u00fck haklar\u0131n\u0131n g\u00f6rmezden gelenlerin nihai maksatlar\u0131n\u0131 anlamakta zorlan\u0131yoruz.<\/strong><\/p>\n\n\n\n<p>\u0130lk nefesten son nefese kadar, halk\u0131m\u0131za y\u00f6nelik kolay ula\u015f\u0131labilir, kapsaml\u0131, b\u00fct\u00fcnc\u00fcl, sa\u011fl\u0131k hizmetinde s\u00fcreklili\u011fi esas alan yap\u0131 yerine, bu hizmeti veren&nbsp;<strong>aile hekimi ve aile sa\u011fl\u0131\u011f\u0131 \u00e7al\u0131\u015fanlar\u0131&nbsp;<\/strong>bir makine olarak g\u00f6r\u00fclm\u00fc\u015f,<strong>&nbsp;moral ve motivasyonlar\u0131 bitme noktas\u0131na getirilmi\u015ftir.<\/strong><\/p>\n\n\n\n<p>Resmi enflasyon verileri \u0131\u015f\u0131\u011f\u0131nda, aile&nbsp;<strong>sa\u011fl\u0131\u011f\u0131 merkezi medikal sarf, kira, elektrik, personel giderleri y\u0131llar i\u00e7erisinde en az %167 oran\u0131nda artm\u0131\u015f, reel verilere g\u00f6re ise art\u0131\u015f oran\u0131 bunun neredeyse iki kat\u0131na ula\u015fm\u0131\u015f,<\/strong>&nbsp;ancak cari gider \u00f6demelerine sa\u011flanan art\u0131\u015f ayn\u0131 s\u00fcre i\u00e7in&nbsp;<strong>%70<\/strong>&nbsp;lerde kalm\u0131\u015ft\u0131r.<\/p>\n\n\n\n<p>Aile sa\u011fl\u0131\u011f\u0131 merkezleri art\u0131k \u00e7al\u0131\u015fan personelleri i\u015ften \u00e7\u0131karmak durumunda kalacak,&nbsp;<strong>20.000 \u2019e yak\u0131n yeti\u015fmi\u015f sa\u011fl\u0131k \u00e7al\u0131\u015fan\u0131 i\u015fsiz kalacakt\u0131r.<\/strong><\/p>\n\n\n\n<p><strong><em>Sa\u011fl\u0131k bakanl\u0131\u011f\u0131 bizi dinlemelidir,<\/em><\/strong><\/p>\n\n\n\n<p>&nbsp;Aile hekimli\u011fi sistemini idare edenler, bu hizmeti verenler hekimler i\u00e7in geli\u015fimi destekleyen bilimsel \u00f6nermeleri de\u011fil, cezaya dayal\u0131 bir y\u00f6ntemi tercih etmi\u015ftir, yol yak\u0131nken bizi dinleyin.<\/p>\n\n\n\n<p>Sa\u011fl\u0131k Bakanl\u0131\u011f\u0131, ceza y\u00f6netmeli\u011finde \u0131srar ettik\u00e7e, aile hekimlerinin taleplerini g\u00f6z ard\u0131 ettik\u00e7e, cumhuriyetin y\u00fcz\u00fcnc\u00fc y\u0131l\u0131na girerken, pandemi d\u00f6neminde&nbsp;<strong>\u2018\u2019\u00fclkemizde koruyucu sa\u011fl\u0131k hizmetlerini \u00e7\u00f6kerten sa\u011fl\u0131k bakanl\u0131\u011f\u0131\u2019\u2019<\/strong>&nbsp;olarak tarihe ge\u00e7ecektir.<\/p>\n\n\n\n<p>Biz AHEF olarak \u0130l derneklerimiz ve 30.000 aile hekimi ile m\u00fccadele yolunu se\u00e7tik, t\u00fcm olas\u0131l\u0131klara haz\u0131r\u0131z.<\/p>\n\n\n\n<p>S\u0131cak odalarda de\u011fil&nbsp;<strong>sahada, yollarda, mobilde, k\u00f6ylerde, il\u00e7elerde, sosyal medyaday\u0131z; 84 milyon insan\u0131m\u0131z ile her g\u00fcn beraberiz.<\/strong><\/p>\n\n\n\n<p><strong>84 milyon vatanda\u015fa temas eden 30 bin aile hekiminin temsilcisi AHEF olarak, a\u015fa\u011f\u0131da belirtti\u011fimiz taleplerin kar\u015f\u0131lanmas\u0131n\u0131 istiyoruz;<\/strong><\/p>\n\n\n\n<p><strong>1-) ETK\u0130N B\u0130R SA\u011eLIKTA \u015e\u0130DDET YASASI \u0130ST\u0130YORUZ.<\/strong><\/p>\n\n\n\n<p><strong>2-)30 HAZ\u0130RAN 2021 TAR\u0130HL\u0130 \u00d6DEME S\u00d6ZLE\u015eME Y\u00d6NETMEL\u0130\u011e\u0130N\u0130N GER\u0130 \u00c7EK\u0130LMES\u0130N\u0130 YA DA REV\u0130ZE ED\u0130LMES\u0130N\u0130 \u0130ST\u0130YORUZ.<\/strong><\/p>\n\n\n\n<p><strong>3-)\u00c7ALI\u015eAN T\u00dcM MESLEKTA\u015eLARIMIZ \u0130\u00c7\u0130N MAKUL B\u0130R \u00d6DEME, RAHAT B\u0130R EMEKL\u0130L\u0130K \u0130ST\u0130YORUZ.<\/strong><\/p>\n\n\n\n<p><strong>4-)A\u0130LE SA\u011eLI\u011eI MERKEZ\u0130 G\u0130DER \u00d6DEMELER\u0130N\u0130N YEN\u0130DEN DE\u011eERLEND\u0130R\u0130LEREK ARTIRILMASINI \u0130ST\u0130YORUZ.<\/strong><\/p>\n\n\n\n<p>Yukar\u0131da belirtti\u011fimiz d\u00fczenlemeler i\u00e7in Aile Hekimleri Dernekleri Federasyonu \u00e7\u00f6z\u00fcm i\u00e7in ortak \u00e7al\u0131\u015fma ve ileti\u015fimi s\u00fcrekli k\u0131lacak hakl\u0131 taleplerimizin takip\u00e7isi olacakt\u0131r;<\/p>\n\n\n\n<p><strong>1-)Bug\u00fcn itibariyle t\u00fcm aile hekimleri,&nbsp;<\/strong><\/p>\n\n\n\n<p>-Her hastaya nitelikli sa\u011fl\u0131k hizmeti verebilece\u011fi 20 dakikal\u0131k bir s\u00fcre ile iyi hekimlik uygulamas\u0131 gere\u011fi MHRS mevzuat\u0131na uygun olarak,&nbsp;<strong>sadece randevu ile hasta bakacakt\u0131r.<\/strong><\/p>\n\n\n\n<p>-T\u0131bbi gereklilikler kapsam\u0131nda kronik hastalar\u0131m\u0131za sa\u011fl\u0131k hizmeti verilecek ancak&nbsp;<strong>HYP sistemi kesinlikle kullan\u0131lmayacakt\u0131r.<\/strong><\/p>\n\n\n\n<p>-Mevzuata uygun olmayan sa\u011fl\u0131k raporu talepleri de\u011ferlendirilmeyecek,&nbsp;<strong>E-Rapor harici sa\u011fl\u0131k raporu hi\u00e7bir \u015fekilde d\u00fczenlenmeyecek<\/strong>, ileri tetkik gerektiren durumlarda vatanda\u015flar ikinci basamak sa\u011fl\u0131k kurulu\u015flar\u0131na sevk edilecektir.<\/p>\n\n\n\n<p><strong>&#8211;&nbsp;<\/strong>Aile hekimlerince<strong>&nbsp;\u00f6zellikli izlem<\/strong>&nbsp;ad\u0131 alt\u0131nda, telefon ile aramak suretiyle hi\u00e7bir i\u015flem yap\u0131lmayacakt\u0131r.<\/p>\n\n\n\n<p><strong>2-) Hak ve taleplerimiz yerine getirilmedi\u011fi takdirde;&nbsp;<\/strong><\/p>\n\n\n\n<p><strong>17.02.2022<\/strong>&nbsp;tarihlerinde, AHEF taraf\u0131ndan t\u00fcm il dernek ba\u015fkanlar\u0131n\u0131n kat\u0131l\u0131m\u0131 ile Ankara\u2019da ortak bas\u0131n a\u00e7\u0131klamas\u0131 d\u00fczenlenecek, Anayasan\u0131n tan\u0131d\u0131\u011f\u0131 hak gere\u011fi,&nbsp; sosyal, hukuksal ve \u00f6zl\u00fck haklar\u0131m\u0131z ve sa\u011fl\u0131k \u00e7al\u0131\u015fan\u0131na \u015fiddete dikkat \u00e7ekmek i\u00e7in t\u00fcm T\u00fcrkiye\u2019de, 17-18 \u015eubat 2022\u2019de&nbsp;<strong>(2) g\u00fcn \u0130\u015e BIRAKMA<\/strong>eylemi icra edilecek, illerde ortak bas\u0131n a\u00e7\u0131klamas\u0131 ve bas\u0131l\u0131 dok\u00fcmanlar ile halka y\u00f6nelik fark\u0131ndal\u0131k \u00e7al\u0131\u015fmas\u0131 y\u00fcr\u00fct\u00fclecektir.<\/p>\n\n\n\n<p><strong>3-) Hak ve taleplerimiz yerine getirilmedi\u011fi takdirde;&nbsp;<\/strong><\/p>\n\n\n\n<p><strong>14 Mart 2022<\/strong>&nbsp;itibariyle her y\u0131l 14 MART tarihi, T\u00fcm STK\u2019lar\u0131n kat\u0131l\u0131m\u0131 ile emsalleri gibi&nbsp;<strong>\u2018\u2019 Hekim Emek ve Dayan\u0131\u015fma G\u00fcn\u00fc\u2019\u2019<\/strong>olarak kutlanacak ve Acil sa\u011fl\u0131k hizmetleri haricinde i\u015f \u00fcretilmeyecektir.<\/p>\n\n\n\n<p><strong>14.03.2022-16.03.2022<\/strong>&nbsp;tarihlerinde, t\u00fcm T\u00fcrkiye\u2019de Anayasan\u0131n tan\u0131d\u0131\u011f\u0131 hak gere\u011fi,&nbsp; sosyal, hukuksal ve \u00f6zl\u00fck haklar\u0131m\u0131z ve sa\u011fl\u0131k \u00e7al\u0131\u015fan\u0131na \u015fiddete dikkat \u00e7ekmek i\u00e7in,&nbsp;<strong>(3) g\u00fcn \u0130\u015e BIRAKMA<\/strong>&nbsp;eylemi icra edilecek, illerde ortak bas\u0131n a\u00e7\u0131klamas\u0131 ve bas\u0131l\u0131 dok\u00fcmanlar ile halka y\u00f6nelik fark\u0131ndal\u0131k \u00e7al\u0131\u015fmas\u0131 y\u00fcr\u00fct\u00fclecektir.<\/p>\n\n\n\n<p>Nisan 2022 de yeniden de\u011ferlendirme yap\u0131lacak, yeni eylem takvimi a\u00e7\u0131klanacakt\u0131r.<\/p>\n\n\n\n<p><strong><em>De\u011ferli Hekim Arkada\u015f\u0131m;<\/em><\/strong><\/p>\n\n\n\n<p><strong><em>Bu gidi\u015fin sonu bensizliktir, sensizliktir, sessizliktir,&nbsp;<\/em><\/strong><\/p>\n\n\n\n<p><strong><em>T\u00fcm hekimlerin haklar\u0131n\u0131n s\u00f6zde mevzuat d\u00fczenlenmesi gerek\u00e7esi ile ellerinden al\u0131nmas\u0131d\u0131r.<\/em><\/strong><\/p>\n\n\n\n<p><strong><em>Bu gidi\u015fin sonu belirsizliktir.<\/em><\/strong><\/p>\n\n\n\n<p><strong><em>Hekimlik meslek onurunun yok say\u0131lmas\u0131d\u0131r.<\/em><\/strong><\/p>\n\n\n\n<p><strong><em>\u00dclkemiz insan\u0131na sunulan hizmetin de\u011fersizle\u015ftirilmesidir.<\/em><\/strong><\/p>\n\n\n\n<p><strong><em>Her \u015feyin fark\u0131nday\u0131z, fark\u0131ndas\u0131n\u0131z.&nbsp;<\/em><\/strong><\/p>\n\n\n\n<p><strong><em>Bu yakla\u015f\u0131m\u0131 kabul etmiyoruz.&nbsp;<\/em><\/strong><\/p>\n\n\n\n<p><strong><em>M\u00fccadelemiz; \u00fclkemize yak\u0131\u015f\u0131r, daha iyi bir aile hekimli\u011fi sistemi i\u00e7indir.&nbsp;<\/em><\/strong><\/p>\n\n\n\n<p><strong><em>Ya hep beraber, ya hi\u00e7 birimiz diyor,&nbsp;<\/em><\/strong><\/p>\n\n\n\n<p><strong><em>M\u00fccadelemizin onurumuz i\u00e7in oldu\u011funu d\u00fc\u015f\u00fcn\u00fcyoruz&#8230;<\/em><\/strong><\/p>\n\n\n\n<p><strong><em>Korkmuyoruz,<\/em><\/strong><\/p>\n\n\n\n<p><strong><em>\u00c7\u00fcnk\u00fc g\u00fcn birlik g\u00fcn\u00fcd\u00fcr\u2026<\/em><\/strong><\/p>\n\n\n\n<p><strong>AHEF Y\u00f6netim Kurulu<\/strong><\/p>\n\n\n\n<p><a href=\"http:\/\/ahef.org.tr\/Detay\/2825\/17-18-SUBATTA-AILE-HEKIMLERI-IS-BIRAKIYOR.aspx\" target=\"_blank\" rel=\"noreferrer noopener\">http:\/\/ahef.org.tr\/Detay\/2825\/17-18-SUBATTA-AILE-HEKIMLERI-IS-BIRAKIYOR.aspx<\/a><\/p>\n\n\n\n<p><\/p>\n","protected":false},"excerpt":{"rendered":"<p>KAMUOYUNA \u00d6NEMLE DUYURULUR; Birinci basamak sa\u011fl\u0131k hizmetlerinde bu \u00fclkenin sa\u011fl\u0131k alan\u0131ndaki en \u00f6nemli ger\u00e7e\u011finin aile hekimli\u011fi sistemi oldu\u011funun bilinci ile&nbsp;\u2018\u2019&#46;&#46;&#46;<\/p>\n","protected":false},"author":1,"featured_media":6511,"comment_status":"closed","ping_status":"open","sticky":false,"template":"","format":"standard","meta":{"_jetpack_memberships_contains_paid_content":false,"footnotes":""},"categories":[62],"tags":[],"class_list":["post-6565","post","type-post","status-publish","format-standard","has-post-thumbnail","hentry","category-sagliktan-haberler"],"aioseo_notices":[],"jetpack_featured_media_url":"http:\/\/www.ced.org.tr\/wp-content\/uploads\/2021\/12\/CED-LOGO-001.png","jetpack_sharing_enabled":true,"jetpack-related-posts":[],"_links":{"self":[{"href":"http:\/\/www.ced.org.tr\/index.php?rest_route=\/wp\/v2\/posts\/6565","targetHints":{"allow":["GET"]}}],"collection":[{"href":"http:\/\/www.ced.org.tr\/index.php?rest_route=\/wp\/v2\/posts"}],"about":[{"href":"http:\/\/www.ced.org.tr\/index.php?rest_route=\/wp\/v2\/types\/post"}],"author":[{"embeddable":true,"href":"http:\/\/www.ced.org.tr\/index.php?rest_route=\/wp\/v2\/users\/1"}],"replies":[{"embeddable":true,"href":"http:\/\/www.ced.org.tr\/index.php?rest_route=%2Fwp%2Fv2%2Fcomments&post=6565"}],"version-history":[{"count":5,"href":"http:\/\/www.ced.org.tr\/index.php?rest_route=\/wp\/v2\/posts\/6565\/revisions"}],"predecessor-version":[{"id":6710,"href":"http:\/\/www.ced.org.tr\/index.php?rest_route=\/wp\/v2\/posts\/6565\/revisions\/6710"}],"wp:featuredmedia":[{"embeddable":true,"href":"http:\/\/www.ced.org.tr\/index.php?rest_route=\/wp\/v2\/media\/6511"}],"wp:attachment":[{"href":"http:\/\/www.ced.org.tr\/index.php?rest_route=%2Fwp%2Fv2%2Fmedia&parent=6565"}],"wp:term":[{"taxonomy":"category","embeddable":true,"href":"http:\/\/www.ced.org.tr\/index.php?rest_route=%2Fwp%2Fv2%2Fcategories&post=6565"},{"taxonomy":"post_tag","embeddable":true,"href":"http:\/\/www.ced.org.tr\/index.php?rest_route=%2Fwp%2Fv2%2Ftags&post=6565"}],"curies":[{"name":"wp","href":"https:\/\/api.w.org\/{rel}","templated":true}]}}