{"id":6605,"date":"2022-04-23T09:30:30","date_gmt":"2022-04-23T06:30:30","guid":{"rendered":"http:\/\/www.ced.org.tr\/?p=6605"},"modified":"2025-06-16T12:08:02","modified_gmt":"2025-06-16T09:08:02","slug":"23-nisan-ulusal-egemenlik-ve-cocuk-bayramimiz-kutlu-olsun","status":"publish","type":"post","link":"http:\/\/www.ced.org.tr\/?p=6605","title":{"rendered":"23 Nisan Ulusal Egemenlik ve \u00c7ocuk bayram\u0131m\u0131z kutlu olsun."},"content":{"rendered":"\n<figure class=\"wp-block-image size-full\"><a href=\"http:\/\/www.ced.org.tr\/wp-content\/uploads\/2022\/04\/92F1AAC5-9502-480A-8789-8276B11B6FA3.jpeg\"><img loading=\"lazy\" decoding=\"async\" width=\"852\" height=\"960\" src=\"http:\/\/www.ced.org.tr\/wp-content\/uploads\/2022\/04\/92F1AAC5-9502-480A-8789-8276B11B6FA3.jpeg\" alt=\"\" class=\"wp-image-6606\" srcset=\"http:\/\/www.ced.org.tr\/wp-content\/uploads\/2022\/04\/92F1AAC5-9502-480A-8789-8276B11B6FA3.jpeg 852w, http:\/\/www.ced.org.tr\/wp-content\/uploads\/2022\/04\/92F1AAC5-9502-480A-8789-8276B11B6FA3-266x300.jpeg 266w, http:\/\/www.ced.org.tr\/wp-content\/uploads\/2022\/04\/92F1AAC5-9502-480A-8789-8276B11B6FA3-768x865.jpeg 768w\" sizes=\"auto, (max-width: 852px) 100vw, 852px\" \/><\/a><\/figure>\n","protected":false},"excerpt":{"rendered":"","protected":false},"author":1,"featured_media":6606,"comment_status":"closed","ping_status":"closed","sticky":false,"template":"","format":"image","meta":{"_jetpack_memberships_contains_paid_content":false,"footnotes":""},"categories":[1234],"tags":[],"class_list":["post-6605","post","type-post","status-publish","format-image","has-post-thumbnail","hentry","category-duyuru","post_format-post-format-image"],"aioseo_notices":[],"jetpack_featured_media_url":"http:\/\/www.ced.org.tr\/wp-content\/uploads\/2022\/04\/92F1AAC5-9502-480A-8789-8276B11B6FA3.jpeg","jetpack_sharing_enabled":true,"jetpack-related-posts":[],"_links":{"self":[{"href":"http:\/\/www.ced.org.tr\/index.php?rest_route=\/wp\/v2\/posts\/6605","targetHints":{"allow":["GET"]}}],"collection":[{"href":"http:\/\/www.ced.org.tr\/index.php?rest_route=\/wp\/v2\/posts"}],"about":[{"href":"http:\/\/www.ced.org.tr\/index.php?rest_route=\/wp\/v2\/types\/post"}],"author":[{"embeddable":true,"href":"http:\/\/www.ced.org.tr\/index.php?rest_route=\/wp\/v2\/users\/1"}],"replies":[{"embeddable":true,"href":"http:\/\/www.ced.org.tr\/index.php?rest_route=%2Fwp%2Fv2%2Fcomments&post=6605"}],"version-history":[{"count":1,"href":"http:\/\/www.ced.org.tr\/index.php?rest_route=\/wp\/v2\/posts\/6605\/revisions"}],"predecessor-version":[{"id":6607,"href":"http:\/\/www.ced.org.tr\/index.php?rest_route=\/wp\/v2\/posts\/6605\/revisions\/6607"}],"wp:featuredmedia":[{"embeddable":true,"href":"http:\/\/www.ced.org.tr\/index.php?rest_route=\/wp\/v2\/media\/6606"}],"wp:attachment":[{"href":"http:\/\/www.ced.org.tr\/index.php?rest_route=%2Fwp%2Fv2%2Fmedia&parent=6605"}],"wp:term":[{"taxonomy":"category","embeddable":true,"href":"http:\/\/www.ced.org.tr\/index.php?rest_route=%2Fwp%2Fv2%2Fcategories&post=6605"},{"taxonomy":"post_tag","embeddable":true,"href":"http:\/\/www.ced.org.tr\/index.php?rest_route=%2Fwp%2Fv2%2Ftags&post=6605"}],"curies":[{"name":"wp","href":"https:\/\/api.w.org\/{rel}","templated":true}]}}