{"id":6609,"date":"2023-04-24T08:48:00","date_gmt":"2023-04-24T05:48:00","guid":{"rendered":"http:\/\/www.ced.org.tr\/?p=6609"},"modified":"2025-06-16T12:08:13","modified_gmt":"2025-06-16T09:08:13","slug":"ecz-rafet-sahin-i-kaybimizin-dorduncu-yilinda-buyuk-bir-ozlem-ve-saygiyla-aniyoruz","status":"publish","type":"post","link":"http:\/\/www.ced.org.tr\/?p=6609","title":{"rendered":"Ecz. Rafet \u015eahin&#8217; i , Kayb\u0131m\u0131z\u0131n Be\u015finci Y\u0131l\u0131nda B\u00fcy\u00fck Bir \u00d6zlem Ve Sayg\u0131yla An\u0131yoruz."},"content":{"rendered":"\n<p>Ecz. Rafet Sahin&#8217;i, aramizdan ayrilisinin besinci yilinda mezari basinda anacagiz.<br \/>Anma T\u00f6reni: 25 Nisan 2023 Sali, saat 16.00 Zincirlikuyu Mezarligi 31. ada 28. parsel<\/p>\n\n\n\n<figure class=\"wp-block-embed is-type-video is-provider-youtube wp-block-embed-youtube wp-embed-aspect-16-9 wp-has-aspect-ratio\"><div class=\"wp-block-embed__wrapper\">\n<div class=\"video-container\"><iframe loading=\"lazy\" title=\"RAFET \u015eAH\u0130N 2022 ANMA\" width=\"500\" height=\"281\" src=\"https:\/\/www.youtube.com\/embed\/GsfpI6X-DWs?feature=oembed&#038;wmode=opaque\" frameborder=\"0\" allow=\"accelerometer; autoplay; clipboard-write; encrypted-media; gyroscope; picture-in-picture; web-share\" referrerpolicy=\"strict-origin-when-cross-origin\" allowfullscreen><\/iframe><\/div>\n<\/div><\/figure>\n\n\n\n<p class=\"has-text-align-center\"><\/p>\n","protected":false},"excerpt":{"rendered":"<p>Ecz. Rafet Sahin&#8217;i, aramizdan ayrilisinin besinci yilinda mezari basinda anacagiz.Anma T\u00f6reni: 25 Nisan 2023 Sali, saat 16.00 Zincirlikuyu Mezarligi 31.&#46;&#46;&#46;<\/p>\n","protected":false},"author":1,"featured_media":6613,"comment_status":"closed","ping_status":"open","sticky":false,"template":"","format":"standard","meta":{"_jetpack_memberships_contains_paid_content":false,"footnotes":""},"categories":[1,1234,60],"tags":[],"class_list":["post-6609","post","type-post","status-publish","format-standard","has-post-thumbnail","hentry","category-ced","category-duyuru","category-etkinlik"],"aioseo_notices":[],"jetpack_featured_media_url":"http:\/\/www.ced.org.tr\/wp-content\/uploads\/2022\/04\/DSC_03261-scaled-e1650804431189.jpg","jetpack_sharing_enabled":true,"jetpack-related-posts":[],"_links":{"self":[{"href":"http:\/\/www.ced.org.tr\/index.php?rest_route=\/wp\/v2\/posts\/6609","targetHints":{"allow":["GET"]}}],"collection":[{"href":"http:\/\/www.ced.org.tr\/index.php?rest_route=\/wp\/v2\/posts"}],"about":[{"href":"http:\/\/www.ced.org.tr\/index.php?rest_route=\/wp\/v2\/types\/post"}],"author":[{"embeddable":true,"href":"http:\/\/www.ced.org.tr\/index.php?rest_route=\/wp\/v2\/users\/1"}],"replies":[{"embeddable":true,"href":"http:\/\/www.ced.org.tr\/index.php?rest_route=%2Fwp%2Fv2%2Fcomments&post=6609"}],"version-history":[{"count":10,"href":"http:\/\/www.ced.org.tr\/index.php?rest_route=\/wp\/v2\/posts\/6609\/revisions"}],"predecessor-version":[{"id":6709,"href":"http:\/\/www.ced.org.tr\/index.php?rest_route=\/wp\/v2\/posts\/6609\/revisions\/6709"}],"wp:featuredmedia":[{"embeddable":true,"href":"http:\/\/www.ced.org.tr\/index.php?rest_route=\/wp\/v2\/media\/6613"}],"wp:attachment":[{"href":"http:\/\/www.ced.org.tr\/index.php?rest_route=%2Fwp%2Fv2%2Fmedia&parent=6609"}],"wp:term":[{"taxonomy":"category","embeddable":true,"href":"http:\/\/www.ced.org.tr\/index.php?rest_route=%2Fwp%2Fv2%2Fcategories&post=6609"},{"taxonomy":"post_tag","embeddable":true,"href":"http:\/\/www.ced.org.tr\/index.php?rest_route=%2Fwp%2Fv2%2Ftags&post=6609"}],"curies":[{"name":"wp","href":"https:\/\/api.w.org\/{rel}","templated":true}]}}