{"id":6768,"date":"2023-12-24T16:55:39","date_gmt":"2023-12-24T13:55:39","guid":{"rendered":"http:\/\/www.ced.org.tr\/?p=6768"},"modified":"2025-06-16T12:08:41","modified_gmt":"2025-06-16T09:08:41","slug":"aci-kaybimiz-2","status":"publish","type":"post","link":"http:\/\/www.ced.org.tr\/?p=6768","title":{"rendered":"Ac\u0131 Kayb\u0131m\u0131z"},"content":{"rendered":"\n<p>\u00c7a\u011fda\u015f Eczac\u0131lar Derne\u011fi \u00fcyesi, \u00f6nceki d\u00f6nemlerde derne\u011fimiz yetkili kurullar\u0131nda g\u00f6rev yapm\u0131\u015f, \u0130stanbul Eczac\u0131lar Kooperafi kurucu \u00fcyelerinden, de\u011ferli arkada\u015f\u0131m\u0131z Ecz. \u0130rfan Nabi ALTUNAY vefat etmi\u015ftir. Cenazesi 25 Aral\u0131k 2023 ( Pazartesi ) \u00f6\u011flen, Merkezefendi Camisi&#8217; nden kald\u0131r\u0131lacak ve Silivrikap\u0131 mezarl\u0131\u011f\u0131nda defnedilecektir.<\/p>\n","protected":false},"excerpt":{"rendered":"<p>\u00c7a\u011fda\u015f Eczac\u0131lar Derne\u011fi \u00fcyesi, \u00f6nceki d\u00f6nemlerde derne\u011fimiz yetkili kurullar\u0131nda g\u00f6rev yapm\u0131\u015f, \u0130stanbul Eczac\u0131lar Kooperafi kurucu \u00fcyelerinden, de\u011ferli arkada\u015f\u0131m\u0131z Ecz. \u0130rfan&#46;&#46;&#46;<\/p>\n","protected":false},"author":1,"featured_media":6511,"comment_status":"closed","ping_status":"open","sticky":false,"template":"","format":"standard","meta":{"_jetpack_memberships_contains_paid_content":false,"footnotes":""},"categories":[1,1234],"tags":[],"class_list":["post-6768","post","type-post","status-publish","format-standard","has-post-thumbnail","hentry","category-ced","category-duyuru"],"aioseo_notices":[],"jetpack_featured_media_url":"http:\/\/www.ced.org.tr\/wp-content\/uploads\/2021\/12\/CED-LOGO-001.png","jetpack_sharing_enabled":true,"jetpack-related-posts":[],"_links":{"self":[{"href":"http:\/\/www.ced.org.tr\/index.php?rest_route=\/wp\/v2\/posts\/6768","targetHints":{"allow":["GET"]}}],"collection":[{"href":"http:\/\/www.ced.org.tr\/index.php?rest_route=\/wp\/v2\/posts"}],"about":[{"href":"http:\/\/www.ced.org.tr\/index.php?rest_route=\/wp\/v2\/types\/post"}],"author":[{"embeddable":true,"href":"http:\/\/www.ced.org.tr\/index.php?rest_route=\/wp\/v2\/users\/1"}],"replies":[{"embeddable":true,"href":"http:\/\/www.ced.org.tr\/index.php?rest_route=%2Fwp%2Fv2%2Fcomments&post=6768"}],"version-history":[{"count":2,"href":"http:\/\/www.ced.org.tr\/index.php?rest_route=\/wp\/v2\/posts\/6768\/revisions"}],"predecessor-version":[{"id":6770,"href":"http:\/\/www.ced.org.tr\/index.php?rest_route=\/wp\/v2\/posts\/6768\/revisions\/6770"}],"wp:featuredmedia":[{"embeddable":true,"href":"http:\/\/www.ced.org.tr\/index.php?rest_route=\/wp\/v2\/media\/6511"}],"wp:attachment":[{"href":"http:\/\/www.ced.org.tr\/index.php?rest_route=%2Fwp%2Fv2%2Fmedia&parent=6768"}],"wp:term":[{"taxonomy":"category","embeddable":true,"href":"http:\/\/www.ced.org.tr\/index.php?rest_route=%2Fwp%2Fv2%2Fcategories&post=6768"},{"taxonomy":"post_tag","embeddable":true,"href":"http:\/\/www.ced.org.tr\/index.php?rest_route=%2Fwp%2Fv2%2Ftags&post=6768"}],"curies":[{"name":"wp","href":"https:\/\/api.w.org\/{rel}","templated":true}]}}