{"id":6771,"date":"2024-03-06T12:18:00","date_gmt":"2024-03-06T09:18:00","guid":{"rendered":"http:\/\/www.ced.org.tr\/?p=6771"},"modified":"2025-06-16T12:02:24","modified_gmt":"2025-06-16T09:02:24","slug":"cagdas-eczacilar-dernegi-istanbul-subesi-genel-kurul-cagrisi-4","status":"publish","type":"post","link":"http:\/\/www.ced.org.tr\/?p=6771","title":{"rendered":"\u00c7A\u011eDA\u015e ECZACILAR DERNE\u011e\u0130 \u0130STANBUL \u015eUBES\u0130 GENEL KURUL \u00c7A\u011eRISI"},"content":{"rendered":"\n<p><strong>\u00c7A\u011eDA\u015e ECZACILAR DERNE\u011e\u0130 \u0130STANBUL \u015eUBES\u0130 11. OLA\u011eAN GENEL KURULU<\/strong><\/p>\n\n\n\n<p>Derne\u011fimizin 11. Ola\u011fan Genel Kurulu&nbsp;21&nbsp;Mart 2024 Per\u015fembe&nbsp;g\u00fcn\u00fc saat 17.00\u2019de a\u015fa\u011f\u0131da belirtilen g\u00fcndemle Ergenekon Cad. &nbsp;No:65 (yeni no:31)&nbsp;P\u0131nar&nbsp;apt.&nbsp;Kat:6 D.15,&nbsp;Pangalt\u0131&nbsp;\/ \u0130stanbul adresindeki dernek merkezimizde \u00e7o\u011funluk aranarak, belirtilen tarihte \u00e7o\u011funluk sa\u011flanamad\u0131\u011f\u0131 takdirde 28&nbsp;Mart 2024 Per\u015fembe&nbsp;g\u00fcn\u00fc saat 17.00\u2019de ayn\u0131 adreste \u00e7o\u011funluk aranmaks\u0131z\u0131n ger\u00e7ekle\u015ftirilecektir.<\/p>\n\n\n\n<p>Sayg\u0131lar\u0131m\u0131zla,<\/p>\n\n\n\n<p>Y\u00f6netim Kurulu<\/p>\n\n\n\n<p><strong>Genel Kurul G\u00fcndemi<\/strong><\/p>\n\n\n\n<p>1.&nbsp;&nbsp;&nbsp;A\u00e7\u0131l\u0131\u015f ve yoklama.<\/p>\n\n\n\n<p>2.&nbsp;&nbsp;&nbsp;Kongre ba\u015fkanl\u0131k divan\u0131n\u0131n se\u00e7imi.<\/p>\n\n\n\n<p>3.&nbsp;&nbsp;&nbsp;Sayg\u0131 duru\u015fu.<\/p>\n\n\n\n<p>4.&nbsp;&nbsp;&nbsp;Y\u00f6netim kurulu \u00e7al\u0131\u015fma raporunun sunulmas\u0131.<\/p>\n\n\n\n<p>5.&nbsp;&nbsp;&nbsp;Denetleme kurulu raporunun sunulmas\u0131.<\/p>\n\n\n\n<p>6.&nbsp;&nbsp;&nbsp;Raporlar \u00fczerine g\u00f6r\u00fc\u015fmeler.<\/p>\n\n\n\n<p>7.&nbsp;&nbsp;&nbsp;Y\u00f6netim ve denetleme kurullar\u0131n\u0131n ayr\u0131 ayr\u0131 ibras\u0131.<\/p>\n\n\n\n<p>8.\u00a0\u00a0\u00a0\u00c7a\u011fda\u015f Eczac\u0131lar Derne\u011fi \u0130stanbul \u015eubesi\u2019\u00a0nin kapat\u0131lmas\u0131n\u0131n g\u00f6r\u00fc\u015f\u00fclerek karara ba\u011flanmas\u0131.<\/p>\n\n\n\n<p>9.&nbsp;&nbsp;Dilek ve \u00f6neriler<\/p>\n\n\n\n<p>10.&nbsp;&nbsp;Kapan\u0131\u015f<\/p>\n","protected":false},"excerpt":{"rendered":"<p>\u00c7A\u011eDA\u015e ECZACILAR DERNE\u011e\u0130 \u0130STANBUL \u015eUBES\u0130 11. OLA\u011eAN GENEL KURULU Derne\u011fimizin 11. Ola\u011fan Genel Kurulu&nbsp;21&nbsp;Mart 2024 Per\u015fembe&nbsp;g\u00fcn\u00fc saat 17.00\u2019de a\u015fa\u011f\u0131da belirtilen&#46;&#46;&#46;<\/p>\n","protected":false},"author":1,"featured_media":6511,"comment_status":"closed","ping_status":"open","sticky":false,"template":"","format":"standard","meta":{"_jetpack_memberships_contains_paid_content":false,"footnotes":""},"categories":[1,1234],"tags":[],"class_list":["post-6771","post","type-post","status-publish","format-standard","has-post-thumbnail","hentry","category-ced","category-duyuru"],"aioseo_notices":[],"jetpack_featured_media_url":"http:\/\/www.ced.org.tr\/wp-content\/uploads\/2021\/12\/CED-LOGO-001.png","jetpack_sharing_enabled":true,"jetpack-related-posts":[],"_links":{"self":[{"href":"http:\/\/www.ced.org.tr\/index.php?rest_route=\/wp\/v2\/posts\/6771","targetHints":{"allow":["GET"]}}],"collection":[{"href":"http:\/\/www.ced.org.tr\/index.php?rest_route=\/wp\/v2\/posts"}],"about":[{"href":"http:\/\/www.ced.org.tr\/index.php?rest_route=\/wp\/v2\/types\/post"}],"author":[{"embeddable":true,"href":"http:\/\/www.ced.org.tr\/index.php?rest_route=\/wp\/v2\/users\/1"}],"replies":[{"embeddable":true,"href":"http:\/\/www.ced.org.tr\/index.php?rest_route=%2Fwp%2Fv2%2Fcomments&post=6771"}],"version-history":[{"count":2,"href":"http:\/\/www.ced.org.tr\/index.php?rest_route=\/wp\/v2\/posts\/6771\/revisions"}],"predecessor-version":[{"id":6778,"href":"http:\/\/www.ced.org.tr\/index.php?rest_route=\/wp\/v2\/posts\/6771\/revisions\/6778"}],"wp:featuredmedia":[{"embeddable":true,"href":"http:\/\/www.ced.org.tr\/index.php?rest_route=\/wp\/v2\/media\/6511"}],"wp:attachment":[{"href":"http:\/\/www.ced.org.tr\/index.php?rest_route=%2Fwp%2Fv2%2Fmedia&parent=6771"}],"wp:term":[{"taxonomy":"category","embeddable":true,"href":"http:\/\/www.ced.org.tr\/index.php?rest_route=%2Fwp%2Fv2%2Fcategories&post=6771"},{"taxonomy":"post_tag","embeddable":true,"href":"http:\/\/www.ced.org.tr\/index.php?rest_route=%2Fwp%2Fv2%2Ftags&post=6771"}],"curies":[{"name":"wp","href":"https:\/\/api.w.org\/{rel}","templated":true}]}}