{"id":6842,"date":"2024-04-30T09:28:46","date_gmt":"2024-04-30T06:28:46","guid":{"rendered":"http:\/\/www.ced.org.tr\/?p=6842"},"modified":"2025-06-16T12:09:02","modified_gmt":"2025-06-16T09:09:02","slug":"cagdas-eczacilar-dernegi-merkez-10-olagan-genel-kurul-duyurusu-ve-gundem","status":"publish","type":"post","link":"http:\/\/www.ced.org.tr\/?p=6842","title":{"rendered":"\u00c7a\u011fda\u015f Eczac\u0131lar Derne\u011fi Merkez 10. Ola\u011fan Genel Kurul Duyurusu ve G\u00fcndem"},"content":{"rendered":"\n<p>\u00c7a\u011fda\u015f Eczac\u0131lar Derne\u011fi\u00a0 Merkez 10. Ola\u011fan Genel Kurulu, a\u015fa\u011f\u0131da belirtilen g\u00fcndemle, 16 May\u0131s 2024 Per\u015fembe g\u00fcn\u00fc saat:19:00&#8242; da\u00a0<strong><em>Ergenekon Cad<\/em>.\u00a0<em>P\u0131nar Apt<\/em>.\u00a0<em>No<\/em>: 31 (Eski\u00a0<em>No<\/em>:<em>65<\/em>)\u00a0<em>Kat<\/em>:\u00a0<em>6 D<\/em>.<em>15<\/em>,\u00a0<em>Pangalt\u0131<\/em>\u00a0\/\u00a0<em>\u0130stanbul<\/em>\u00a0adresindeki dernek merkezinde<\/strong> \u00e7o\u011funluk aranarak; belirtilen tarihte \u00e7o\u011funluk sa\u011flanamazsa <strong>23 May\u0131s 2024 Per\u015fembe g\u00fcn\u00fc saat: 19:00&#8242; <\/strong>da ayn\u0131 adreste \u00e7o\u011funluk aranmaks\u0131z\u0131n ger\u00e7ekle\u015fecektir.<\/p>\n\n\n\n<p>Sayg\u0131lar\u0131m\u0131zla.<br \/><br \/>Y\u00f6netim Kurulu<\/p>\n\n\n\n<p><strong>G\u00fcndem<\/strong>:<\/p>\n\n\n\n<ol class=\"wp-block-list\">\n<li>A\u00e7\u0131l\u0131\u015f ve yoklama.&nbsp;<\/li>\n\n\n\n<li>Genel kurul ba\u015fkanl\u0131k divan\u0131n\u0131n se\u00e7imi.&nbsp;<\/li>\n\n\n\n<li>Sayg\u0131 duru\u015fu.&nbsp;<\/li>\n\n\n\n<li>Y\u00f6netim kurulu \u00e7al\u0131\u015fma ve hesap raporunun sunulmas\u0131.<\/li>\n\n\n\n<li>Denetleme kurulu raporunun sunulmas\u0131.<\/li>\n\n\n\n<li>Raporlar \u00fczerine g\u00f6r\u00fc\u015fmeler.<\/li>\n\n\n\n<li>Y\u00f6netim ve denetleme kurullar\u0131n\u0131n ayr\u0131 ayr\u0131 ibras\u0131.<\/li>\n\n\n\n<li>Tahmini b\u00fct\u00e7enin g\u00f6r\u00fc\u015f\u00fclerek onaylanmas\u0131.<\/li>\n\n\n\n<li>Y\u00f6netim kurulu, denetleme kurulu ve onur kurulunun se\u00e7imi.<\/li>\n\n\n\n<li>Dilek ve \u00f6neriler.<\/li>\n\n\n\n<li>Kapan\u0131\u015f.<\/li>\n<\/ol>\n","protected":false},"excerpt":{"rendered":"<p>\u00c7a\u011fda\u015f Eczac\u0131lar Derne\u011fi\u00a0 Merkez 10. Ola\u011fan Genel Kurulu, a\u015fa\u011f\u0131da belirtilen g\u00fcndemle, 16 May\u0131s 2024 Per\u015fembe g\u00fcn\u00fc saat:19:00&#8242; da\u00a0Ergenekon Cad.\u00a0P\u0131nar Apt.\u00a0No:&#46;&#46;&#46;<\/p>\n","protected":false},"author":1,"featured_media":6511,"comment_status":"closed","ping_status":"open","sticky":false,"template":"","format":"standard","meta":{"_jetpack_memberships_contains_paid_content":false,"footnotes":""},"categories":[1],"tags":[],"class_list":["post-6842","post","type-post","status-publish","format-standard","has-post-thumbnail","hentry","category-ced"],"aioseo_notices":[],"jetpack_featured_media_url":"http:\/\/www.ced.org.tr\/wp-content\/uploads\/2021\/12\/CED-LOGO-001.png","jetpack_sharing_enabled":true,"jetpack-related-posts":[],"_links":{"self":[{"href":"http:\/\/www.ced.org.tr\/index.php?rest_route=\/wp\/v2\/posts\/6842","targetHints":{"allow":["GET"]}}],"collection":[{"href":"http:\/\/www.ced.org.tr\/index.php?rest_route=\/wp\/v2\/posts"}],"about":[{"href":"http:\/\/www.ced.org.tr\/index.php?rest_route=\/wp\/v2\/types\/post"}],"author":[{"embeddable":true,"href":"http:\/\/www.ced.org.tr\/index.php?rest_route=\/wp\/v2\/users\/1"}],"replies":[{"embeddable":true,"href":"http:\/\/www.ced.org.tr\/index.php?rest_route=%2Fwp%2Fv2%2Fcomments&post=6842"}],"version-history":[{"count":2,"href":"http:\/\/www.ced.org.tr\/index.php?rest_route=\/wp\/v2\/posts\/6842\/revisions"}],"predecessor-version":[{"id":6844,"href":"http:\/\/www.ced.org.tr\/index.php?rest_route=\/wp\/v2\/posts\/6842\/revisions\/6844"}],"wp:featuredmedia":[{"embeddable":true,"href":"http:\/\/www.ced.org.tr\/index.php?rest_route=\/wp\/v2\/media\/6511"}],"wp:attachment":[{"href":"http:\/\/www.ced.org.tr\/index.php?rest_route=%2Fwp%2Fv2%2Fmedia&parent=6842"}],"wp:term":[{"taxonomy":"category","embeddable":true,"href":"http:\/\/www.ced.org.tr\/index.php?rest_route=%2Fwp%2Fv2%2Fcategories&post=6842"},{"taxonomy":"post_tag","embeddable":true,"href":"http:\/\/www.ced.org.tr\/index.php?rest_route=%2Fwp%2Fv2%2Ftags&post=6842"}],"curies":[{"name":"wp","href":"https:\/\/api.w.org\/{rel}","templated":true}]}}